{"id":854,"date":"2021-04-06T00:00:00","date_gmt":"2021-04-06T00:00:00","guid":{"rendered":"https:\/\/moore-sweeden-ranby.eu3.moore-global.com\/skaffa-formansbil-innan-sommaren\/"},"modified":"2021-04-06T00:00:00","modified_gmt":"2021-04-06T00:00:00","slug":"get-the-foremans-car-before-summer","status":"publish","type":"post","link":"https:\/\/www.mooresweden.se\/en\/get-the-foremans-car-before-summer\/","title":{"rendered":"Get a company car before summer"},"content":{"rendered":"<p><strong>For those considering a new company car, it may be worthwhile to take it into use before 1 July 2021.<\/strong><\/p>\n<p>There is a proposal for changed calculation rules for cars taken into use after 1 July 2021. The aim is to reduce the difference between having a company car versus a private car. The benefit value is calculated to increase by an average of 25 percent with the new rules.<\/p>\n<p>The most expensive will be for cars that cost between SEK 250,000 and SEK 350,000. A car costing SEK 350,000 will have its benefit value increased by 34 per cent. This is happening at the same time as the benefit value for a car costing SEK 500,000 is increasing significantly less, by 11 per cent.<\/p>\n<p>\u2013 If you're going to get a new company car in 2021, it's wise to calculate how the benefit value changes with the proposed rules, says\u00a0<strong>Erika Karlsson<\/strong>, Chartered Tax Advisor FAR at Baker Tilly Tributa in Halmstad.<\/p>\n<p>Previously, cars with a purchase price exceeding 7.5 price base amounts (approximately SEK 357,000) were subject to punitive taxation through a luxury car supplement. However, according to the new proposal, the benefit value will be calculated in the same way regardless of the new car price. A more expensive car will therefore have a smaller percentage increase in its benefit value.<\/p>\n<p>At the turn of the year, the temporary tax reduction for rechargeable and gas-powered company cars, which meant that the benefit value was reduced by 40 per cent, capped at SEK 10,000, disappeared. However, the permanent reduction for environmentally friendly cars remains. This means that the benefit value of a so-called environmentally friendly car shall be calculated as the benefit value of a comparable car without the environmental technology.<\/p>\n<p>From 1 April 2021, the rules in the bonus-malus system are also changing, and in many cases, the vehicle tax is increasing, which is taken into account when calculating company car benefits.<\/p>\n<p>To be able to calculate a correct benefit value, the employer must start from the correct basis and update their calculation at the turn of each year.<\/p>\n<p>\"It's easy to forget that, for example, winter tyres and a tow bar count as optional extras and should be included in the calculation,\" says Erika Karlsson.<\/p>\n<p><em>This article is published in collaboration with Resultat.<\/em><\/p>","protected":false},"excerpt":{"rendered":"<p>F\u00f6r den som funderar p\u00e5 en ny f\u00f6rm\u00e5ns\u00adbil kan det vara l\u00f6nsamt att ta den i bruk f\u00f6re 1 juli 2021. Det finns ett f\u00f6rslag om \u00e4ndrade ber\u00e4kningsregler f\u00f6r bilar som tas i bruk efter 1 juli 2021. Syftet \u00e4r att minska skillnaden mellan att ha f\u00f6rm\u00e5nsbil respektive privat bil. F\u00f6rm\u00e5nsv\u00e4rdet ber\u00e4knas \u00f6ka med i [&hellip;]<\/p>\n","protected":false},"author":3,"featured_media":855,"comment_status":"open","ping_status":"open","sticky":false,"template":"","format":"standard","meta":{"_acf_changed":false,"footnotes":""},"categories":[1],"tags":[],"location":[],"class_list":["post-854","post","type-post","status-publish","format-standard","has-post-thumbnail","hentry","category-moore-sweden"],"acf":[],"yoast_head":"<!-- This site is optimized with the Yoast SEO plugin v27.5 - https:\/\/yoast.com\/product\/yoast-seo-wordpress\/ -->\n<title>Skaffa f\u00f6rm\u00e5nsbil innan sommaren - Moore Ranby<\/title>\n<meta name=\"description\" content=\"F\u00f6r den som funderar p\u00e5 en ny f\u00f6rm\u00e5ns\u00adbil kan det vara l\u00f6nsamt att ta den i bruk f\u00f6re 1 juli 2021. Det finns ett f\u00f6rslag om \u00e4ndrade ber\u00e4kningsregler f\u00f6r bilar som tas i bruk efter 1 juli 2021. Syftet \u00e4r att minska skillnaden mellan att ha f\u00f6rm\u00e5nsbil respektive privat bil.\u00a0\" \/>\n<meta name=\"robots\" content=\"index, follow, max-snippet:-1, max-image-preview:large, max-video-preview:-1\" \/>\n<link rel=\"canonical\" href=\"https:\/\/www.mooresweden.se\/en\/get-the-foremans-car-before-summer\/\" \/>\n<meta property=\"og:locale\" content=\"en_GB\" \/>\n<meta property=\"og:type\" content=\"article\" \/>\n<meta property=\"og:title\" content=\"Skaffa f\u00f6rm\u00e5nsbil innan sommaren\" \/>\n<meta property=\"og:description\" content=\"F\u00f6r den som funderar p\u00e5 en ny f\u00f6rm\u00e5ns\u00adbil kan det vara l\u00f6nsamt att ta den i bruk f\u00f6re 1 juli 2021. Det finns ett f\u00f6rslag om \u00e4ndrade ber\u00e4kningsregler f\u00f6r bilar som tas i bruk efter 1 juli 2021. Syftet \u00e4r att minska skillnaden mellan att ha f\u00f6rm\u00e5nsbil respektive privat bil.\u00a0\" \/>\n<meta property=\"og:url\" content=\"https:\/\/www.mooresweden.se\/en\/get-the-foremans-car-before-summer\/\" \/>\n<meta property=\"og:site_name\" content=\"Moore Ranby\" \/>\n<meta property=\"article:published_time\" content=\"2021-04-06T00:00:00+00:00\" \/>\n<meta property=\"og:image\" content=\"https:\/\/www.mooresweden.se\/wp-content\/uploads\/sites\/5\/2025\/12\/AdobeStock_169708232.jpg\" \/>\n\t<meta property=\"og:image:width\" content=\"2000\" \/>\n\t<meta property=\"og:image:height\" content=\"1335\" \/>\n\t<meta property=\"og:image:type\" content=\"image\/jpeg\" \/>\n<meta name=\"author\" content=\"maxspoonerblind\" \/>\n<meta name=\"twitter:card\" content=\"summary_large_image\" \/>\n<meta name=\"twitter:label1\" content=\"Written by\" \/>\n\t<meta name=\"twitter:data1\" content=\"maxspoonerblind\" \/>\n\t<meta name=\"twitter:label2\" content=\"Est. reading time\" \/>\n\t<meta name=\"twitter:data2\" content=\"2 minutes\" \/>\n<script type=\"application\/ld+json\" class=\"yoast-schema-graph\">{\"@context\":\"https:\\\/\\\/schema.org\",\"@graph\":[{\"@type\":\"Article\",\"@id\":\"https:\\\/\\\/www.mooresweden.se\\\/skaffa-formansbil-innan-sommaren\\\/#article\",\"isPartOf\":{\"@id\":\"https:\\\/\\\/www.mooresweden.se\\\/skaffa-formansbil-innan-sommaren\\\/\"},\"author\":{\"name\":\"maxspoonerblind\",\"@id\":\"https:\\\/\\\/www.mooresweden.se\\\/#\\\/schema\\\/person\\\/5b1d4e955219df756cac8f4bc0f0b776\"},\"headline\":\"Skaffa f\u00f6rm\u00e5nsbil innan sommaren\",\"datePublished\":\"2021-04-06T00:00:00+00:00\",\"mainEntityOfPage\":{\"@id\":\"https:\\\/\\\/www.mooresweden.se\\\/skaffa-formansbil-innan-sommaren\\\/\"},\"wordCount\":385,\"commentCount\":0,\"image\":{\"@id\":\"https:\\\/\\\/www.mooresweden.se\\\/skaffa-formansbil-innan-sommaren\\\/#primaryimage\"},\"thumbnailUrl\":\"https:\\\/\\\/www.mooresweden.se\\\/wp-content\\\/uploads\\\/sites\\\/5\\\/2025\\\/12\\\/AdobeStock_169708232.jpg\",\"articleSection\":[\"MOORE Sweden\"],\"inLanguage\":\"en-GB\",\"potentialAction\":[{\"@type\":\"CommentAction\",\"name\":\"Comment\",\"target\":[\"https:\\\/\\\/www.mooresweden.se\\\/skaffa-formansbil-innan-sommaren\\\/#respond\"]}]},{\"@type\":\"WebPage\",\"@id\":\"https:\\\/\\\/www.mooresweden.se\\\/skaffa-formansbil-innan-sommaren\\\/\",\"url\":\"https:\\\/\\\/www.mooresweden.se\\\/skaffa-formansbil-innan-sommaren\\\/\",\"name\":\"Skaffa f\u00f6rm\u00e5nsbil innan sommaren - Moore Ranby\",\"isPartOf\":{\"@id\":\"https:\\\/\\\/www.mooresweden.se\\\/#website\"},\"primaryImageOfPage\":{\"@id\":\"https:\\\/\\\/www.mooresweden.se\\\/skaffa-formansbil-innan-sommaren\\\/#primaryimage\"},\"image\":{\"@id\":\"https:\\\/\\\/www.mooresweden.se\\\/skaffa-formansbil-innan-sommaren\\\/#primaryimage\"},\"thumbnailUrl\":\"https:\\\/\\\/www.mooresweden.se\\\/wp-content\\\/uploads\\\/sites\\\/5\\\/2025\\\/12\\\/AdobeStock_169708232.jpg\",\"datePublished\":\"2021-04-06T00:00:00+00:00\",\"author\":{\"@id\":\"https:\\\/\\\/www.mooresweden.se\\\/#\\\/schema\\\/person\\\/5b1d4e955219df756cac8f4bc0f0b776\"},\"description\":\"F\u00f6r den som funderar p\u00e5 en ny f\u00f6rm\u00e5ns\u00adbil kan det vara l\u00f6nsamt att ta den i bruk f\u00f6re 1 juli 2021. Det finns ett f\u00f6rslag om \u00e4ndrade ber\u00e4kningsregler f\u00f6r bilar som tas i bruk efter 1 juli 2021. Syftet \u00e4r att minska skillnaden mellan att ha f\u00f6rm\u00e5nsbil respektive privat bil.\u00a0\",\"breadcrumb\":{\"@id\":\"https:\\\/\\\/www.mooresweden.se\\\/skaffa-formansbil-innan-sommaren\\\/#breadcrumb\"},\"inLanguage\":\"en-GB\",\"potentialAction\":[{\"@type\":\"ReadAction\",\"target\":[\"https:\\\/\\\/www.mooresweden.se\\\/skaffa-formansbil-innan-sommaren\\\/\"]}]},{\"@type\":\"ImageObject\",\"inLanguage\":\"en-GB\",\"@id\":\"https:\\\/\\\/www.mooresweden.se\\\/skaffa-formansbil-innan-sommaren\\\/#primaryimage\",\"url\":\"https:\\\/\\\/www.mooresweden.se\\\/wp-content\\\/uploads\\\/sites\\\/5\\\/2025\\\/12\\\/AdobeStock_169708232.jpg\",\"contentUrl\":\"https:\\\/\\\/www.mooresweden.se\\\/wp-content\\\/uploads\\\/sites\\\/5\\\/2025\\\/12\\\/AdobeStock_169708232.jpg\",\"width\":2000,\"height\":1335},{\"@type\":\"BreadcrumbList\",\"@id\":\"https:\\\/\\\/www.mooresweden.se\\\/skaffa-formansbil-innan-sommaren\\\/#breadcrumb\",\"itemListElement\":[{\"@type\":\"ListItem\",\"position\":1,\"name\":\"Home\",\"item\":\"https:\\\/\\\/www.mooresweden.se\\\/\"},{\"@type\":\"ListItem\",\"position\":2,\"name\":\"Skaffa f\u00f6rm\u00e5nsbil innan sommaren\"}]},{\"@type\":\"WebSite\",\"@id\":\"https:\\\/\\\/www.mooresweden.se\\\/#website\",\"url\":\"https:\\\/\\\/www.mooresweden.se\\\/\",\"name\":\"Moore Ranby\",\"description\":\"\",\"potentialAction\":[{\"@type\":\"SearchAction\",\"target\":{\"@type\":\"EntryPoint\",\"urlTemplate\":\"https:\\\/\\\/www.mooresweden.se\\\/?s={search_term_string}\"},\"query-input\":{\"@type\":\"PropertyValueSpecification\",\"valueRequired\":true,\"valueName\":\"search_term_string\"}}],\"inLanguage\":\"en-GB\"},{\"@type\":\"Person\",\"@id\":\"https:\\\/\\\/www.mooresweden.se\\\/#\\\/schema\\\/person\\\/5b1d4e955219df756cac8f4bc0f0b776\",\"name\":\"maxspoonerblind\",\"image\":{\"@type\":\"ImageObject\",\"inLanguage\":\"en-GB\",\"@id\":\"https:\\\/\\\/secure.gravatar.com\\\/avatar\\\/1e408e61fa2245f0c76b6c466b5d5f5987b00db766ffd0b1395f8ea179be39ee?s=96&d=mm&r=g\",\"url\":\"https:\\\/\\\/secure.gravatar.com\\\/avatar\\\/1e408e61fa2245f0c76b6c466b5d5f5987b00db766ffd0b1395f8ea179be39ee?s=96&d=mm&r=g\",\"contentUrl\":\"https:\\\/\\\/secure.gravatar.com\\\/avatar\\\/1e408e61fa2245f0c76b6c466b5d5f5987b00db766ffd0b1395f8ea179be39ee?s=96&d=mm&r=g\",\"caption\":\"maxspoonerblind\"},\"url\":\"https:\\\/\\\/www.mooresweden.se\\\/en\\\/author\\\/maxspoonerblind\\\/\"}]}<\/script>\n<!-- \/ Yoast SEO plugin. -->","yoast_head_json":{"title":"Get a company car before summer - Moore Ranby","description":"For those considering a new company car, it could be worthwhile to register it before 1 July 2021. There is a proposal for amended calculation rules for cars registered after 1 July 2021. The aim is to reduce the difference between having a company car versus a private car.\u00a0","robots":{"index":"index","follow":"follow","max-snippet":"max-snippet:-1","max-image-preview":"max-image-preview:large","max-video-preview":"max-video-preview:-1"},"canonical":"https:\/\/www.mooresweden.se\/en\/get-the-foremans-car-before-summer\/","og_locale":"en_GB","og_type":"article","og_title":"Skaffa f\u00f6rm\u00e5nsbil innan sommaren","og_description":"F\u00f6r den som funderar p\u00e5 en ny f\u00f6rm\u00e5ns\u00adbil kan det vara l\u00f6nsamt att ta den i bruk f\u00f6re 1 juli 2021. Det finns ett f\u00f6rslag om \u00e4ndrade ber\u00e4kningsregler f\u00f6r bilar som tas i bruk efter 1 juli 2021. Syftet \u00e4r att minska skillnaden mellan att ha f\u00f6rm\u00e5nsbil respektive privat bil.\u00a0","og_url":"https:\/\/www.mooresweden.se\/en\/get-the-foremans-car-before-summer\/","og_site_name":"Moore Ranby","article_published_time":"2021-04-06T00:00:00+00:00","og_image":[{"width":2000,"height":1335,"url":"https:\/\/www.mooresweden.se\/wp-content\/uploads\/sites\/5\/2025\/12\/AdobeStock_169708232.jpg","type":"image\/jpeg"}],"author":"maxspoonerblind","twitter_card":"summary_large_image","twitter_misc":{"Written by":"maxspoonerblind","Est. reading time":"2 minutes"},"schema":{"@context":"https:\/\/schema.org","@graph":[{"@type":"Article","@id":"https:\/\/www.mooresweden.se\/skaffa-formansbil-innan-sommaren\/#article","isPartOf":{"@id":"https:\/\/www.mooresweden.se\/skaffa-formansbil-innan-sommaren\/"},"author":{"name":"maxspoonerblind","@id":"https:\/\/www.mooresweden.se\/#\/schema\/person\/5b1d4e955219df756cac8f4bc0f0b776"},"headline":"Skaffa f\u00f6rm\u00e5nsbil innan sommaren","datePublished":"2021-04-06T00:00:00+00:00","mainEntityOfPage":{"@id":"https:\/\/www.mooresweden.se\/skaffa-formansbil-innan-sommaren\/"},"wordCount":385,"commentCount":0,"image":{"@id":"https:\/\/www.mooresweden.se\/skaffa-formansbil-innan-sommaren\/#primaryimage"},"thumbnailUrl":"https:\/\/www.mooresweden.se\/wp-content\/uploads\/sites\/5\/2025\/12\/AdobeStock_169708232.jpg","articleSection":["MOORE Sweden"],"inLanguage":"en-GB","potentialAction":[{"@type":"CommentAction","name":"Comment","target":["https:\/\/www.mooresweden.se\/skaffa-formansbil-innan-sommaren\/#respond"]}]},{"@type":"WebPage","@id":"https:\/\/www.mooresweden.se\/skaffa-formansbil-innan-sommaren\/","url":"https:\/\/www.mooresweden.se\/skaffa-formansbil-innan-sommaren\/","name":"Get a company car before summer - Moore Ranby","isPartOf":{"@id":"https:\/\/www.mooresweden.se\/#website"},"primaryImageOfPage":{"@id":"https:\/\/www.mooresweden.se\/skaffa-formansbil-innan-sommaren\/#primaryimage"},"image":{"@id":"https:\/\/www.mooresweden.se\/skaffa-formansbil-innan-sommaren\/#primaryimage"},"thumbnailUrl":"https:\/\/www.mooresweden.se\/wp-content\/uploads\/sites\/5\/2025\/12\/AdobeStock_169708232.jpg","datePublished":"2021-04-06T00:00:00+00:00","author":{"@id":"https:\/\/www.mooresweden.se\/#\/schema\/person\/5b1d4e955219df756cac8f4bc0f0b776"},"description":"For those considering a new company car, it could be worthwhile to register it before 1 July 2021. There is a proposal for amended calculation rules for cars registered after 1 July 2021. The aim is to reduce the difference between having a company car versus a private car.\u00a0","breadcrumb":{"@id":"https:\/\/www.mooresweden.se\/skaffa-formansbil-innan-sommaren\/#breadcrumb"},"inLanguage":"en-GB","potentialAction":[{"@type":"ReadAction","target":["https:\/\/www.mooresweden.se\/skaffa-formansbil-innan-sommaren\/"]}]},{"@type":"ImageObject","inLanguage":"en-GB","@id":"https:\/\/www.mooresweden.se\/skaffa-formansbil-innan-sommaren\/#primaryimage","url":"https:\/\/www.mooresweden.se\/wp-content\/uploads\/sites\/5\/2025\/12\/AdobeStock_169708232.jpg","contentUrl":"https:\/\/www.mooresweden.se\/wp-content\/uploads\/sites\/5\/2025\/12\/AdobeStock_169708232.jpg","width":2000,"height":1335},{"@type":"BreadcrumbList","@id":"https:\/\/www.mooresweden.se\/skaffa-formansbil-innan-sommaren\/#breadcrumb","itemListElement":[{"@type":"ListItem","position":1,"name":"Home","item":"https:\/\/www.mooresweden.se\/"},{"@type":"ListItem","position":2,"name":"Skaffa f\u00f6rm\u00e5nsbil innan sommaren"}]},{"@type":"WebSite","@id":"https:\/\/www.mooresweden.se\/#website","url":"https:\/\/www.mooresweden.se\/","name":"Ranby Moore","description":"","potentialAction":[{"@type":"SearchAction","target":{"@type":"EntryPoint","urlTemplate":"https:\/\/www.mooresweden.se\/?s={search_term_string}"},"query-input":{"@type":"PropertyValueSpecification","valueRequired":true,"valueName":"search_term_string"}}],"inLanguage":"en-GB"},{"@type":"Person","@id":"https:\/\/www.mooresweden.se\/#\/schema\/person\/5b1d4e955219df756cac8f4bc0f0b776","name":"maxspoonerblind","image":{"@type":"ImageObject","inLanguage":"en-GB","@id":"https:\/\/secure.gravatar.com\/avatar\/1e408e61fa2245f0c76b6c466b5d5f5987b00db766ffd0b1395f8ea179be39ee?s=96&d=mm&r=g","url":"https:\/\/secure.gravatar.com\/avatar\/1e408e61fa2245f0c76b6c466b5d5f5987b00db766ffd0b1395f8ea179be39ee?s=96&d=mm&r=g","contentUrl":"https:\/\/secure.gravatar.com\/avatar\/1e408e61fa2245f0c76b6c466b5d5f5987b00db766ffd0b1395f8ea179be39ee?s=96&d=mm&r=g","caption":"maxspoonerblind"},"url":"https:\/\/www.mooresweden.se\/en\/author\/maxspoonerblind\/"}]}},"_links":{"self":[{"href":"https:\/\/www.mooresweden.se\/en\/wp-json\/wp\/v2\/posts\/854","targetHints":{"allow":["GET"]}}],"collection":[{"href":"https:\/\/www.mooresweden.se\/en\/wp-json\/wp\/v2\/posts"}],"about":[{"href":"https:\/\/www.mooresweden.se\/en\/wp-json\/wp\/v2\/types\/post"}],"author":[{"embeddable":true,"href":"https:\/\/www.mooresweden.se\/en\/wp-json\/wp\/v2\/users\/3"}],"replies":[{"embeddable":true,"href":"https:\/\/www.mooresweden.se\/en\/wp-json\/wp\/v2\/comments?post=854"}],"version-history":[{"count":0,"href":"https:\/\/www.mooresweden.se\/en\/wp-json\/wp\/v2\/posts\/854\/revisions"}],"wp:featuredmedia":[{"embeddable":true,"href":"https:\/\/www.mooresweden.se\/en\/wp-json\/wp\/v2\/media\/855"}],"wp:attachment":[{"href":"https:\/\/www.mooresweden.se\/en\/wp-json\/wp\/v2\/media?parent=854"}],"wp:term":[{"taxonomy":"category","embeddable":true,"href":"https:\/\/www.mooresweden.se\/en\/wp-json\/wp\/v2\/categories?post=854"},{"taxonomy":"post_tag","embeddable":true,"href":"https:\/\/www.mooresweden.se\/en\/wp-json\/wp\/v2\/tags?post=854"},{"taxonomy":"location","embeddable":true,"href":"https:\/\/www.mooresweden.se\/en\/wp-json\/wp\/v2\/location?post=854"}],"curies":[{"name":"wp","href":"https:\/\/api.w.org\/{rel}","templated":true}]}}