{"id":858,"date":"2022-04-11T00:00:00","date_gmt":"2022-04-11T00:00:00","guid":{"rendered":"https:\/\/moore-sweeden-ranby.eu3.moore-global.com\/sommarrabatt-pa-19-23-aringar\/"},"modified":"2022-04-11T00:00:00","modified_gmt":"2022-04-11T00:00:00","slug":"sommarrabatt-pa-19-23-aringar","status":"publish","type":"post","link":"https:\/\/www.mooresweden.se\/en\/sommarrabatt-pa-19-23-aringar\/","title":{"rendered":"Summer discount for 19\u201323 year olds"},"content":{"rendered":"<p>\n<strong>Riksdagen har beslutat att upprepa f\u00f6rra sommarens tillf\u00e4lligt s\u00e4nkta arbetsgivaravgifter f\u00f6r unga. Arbetsgivaravgiften f\u00f6r anst\u00e4llda mellan 19 \u00e5r till 23 \u00e5r kommer under juni till augusti att tillf\u00e4lligt uppg\u00e5 till 10,21 %.\u00a0<\/strong><\/p>\n<p>Riksdagen har tidigare beslutat att tillf\u00e4lligt s\u00e4nka arbetsgivaravgifterna f\u00f6r personer mellan 19-23 \u00e5r, f\u00f6r att motverka pandemins negativa konsekvenser f\u00f6r de yngre arbetsdataryan. Mellan 1 januari 2021 och 31 mars 2023 uppg\u00e5r arbetsgivaravgifterna f\u00f6r unga till 19,73 %.<\/p>\n<p>Likt f\u00f6reg\u00e5ende \u00e5r har nu Riksdagen beslutat att s\u00e4nka arbetsgivaravgifterna f\u00f6r unga ytterligare mellan juni-augusti till 10,21 %. Den rabatterade arbetsgivaravgiften g\u00e4ller f\u00f6r personer som \u00e4r f\u00f6dda mellan 1999 och 2003 och betalas p\u00e5 ers\u00e4ttningar upp till 25 000 kronor per kalenderm\u00e5nad.\u00a0<\/p>\n<p>De s\u00e4nkta arbetsgivaravgifterna g\u00e4ller p\u00e5 ers\u00e4ttningar som utbetalas i juni, juli och augusti 2022 och beslutet tr\u00e4der i kraft \u00e4r den 1 juni 2022.\u00a0<\/p>\n<p><em>K\u00e4lla: Regeringens prop 2021\/22:97, Socialf\u00f6rs\u00e4kringsutskottets bet\u00e4nkande 2021\/22:SfU21<\/em><br \/>\n\u00a0<\/p>","protected":false},"excerpt":{"rendered":"<p>Riksdagen har beslutat att upprepa f\u00f6rra sommarens tillf\u00e4lligt s\u00e4nkta arbetsgivaravgifter f\u00f6r unga. Arbetsgivaravgiften f\u00f6r anst\u00e4llda mellan 19 \u00e5r till 23 \u00e5r kommer under juni till augusti att tillf\u00e4lligt uppg\u00e5 till 10,21 %.\u00a0 Riksdagen har tidigare beslutat att tillf\u00e4lligt s\u00e4nka arbetsgivaravgifterna f\u00f6r personer mellan 19-23 \u00e5r, f\u00f6r att motverka pandemins negativa konsekvenser f\u00f6r de yngre arbetsdataryan. [&hellip;]<\/p>\n","protected":false},"author":3,"featured_media":859,"comment_status":"open","ping_status":"open","sticky":false,"template":"","format":"standard","meta":{"_acf_changed":false,"footnotes":""},"categories":[1],"tags":[],"location":[],"class_list":["post-858","post","type-post","status-publish","format-standard","has-post-thumbnail","hentry","category-moore-sweden"],"acf":[],"yoast_head":"<!-- This site is optimized with the Yoast SEO plugin v27.3 - https:\/\/yoast.com\/product\/yoast-seo-wordpress\/ -->\n<title>Sommarrabatt p\u00e5 19\u201323 \u00e5ringar - Moore Ranby<\/title>\n<meta name=\"description\" content=\"Riksdagen har beslutat att upprepa f\u00f6rra sommarens tillf\u00e4lligt s\u00e4nkta arbetsgivaravgifter f\u00f6r unga. Arbetsgivaravgiften f\u00f6r anst\u00e4llda mellan 19 \u00e5r till 23 \u00e5r kommer under juni till augusti att tillf\u00e4lligt uppg\u00e5 till 10,21 %.\u00a0\" \/>\n<meta name=\"robots\" content=\"index, follow, max-snippet:-1, max-image-preview:large, max-video-preview:-1\" \/>\n<link rel=\"canonical\" href=\"https:\/\/www.mooresweden.se\/en\/sommarrabatt-pa-19-23-aringar\/\" \/>\n<meta property=\"og:locale\" content=\"en_GB\" \/>\n<meta property=\"og:type\" content=\"article\" \/>\n<meta property=\"og:title\" content=\"Sommarrabatt p\u00e5 19\u201323 \u00e5ringar\" \/>\n<meta property=\"og:description\" content=\"Riksdagen har beslutat att upprepa f\u00f6rra sommarens tillf\u00e4lligt s\u00e4nkta arbetsgivaravgifter f\u00f6r unga. Arbetsgivaravgiften f\u00f6r anst\u00e4llda mellan 19 \u00e5r till 23 \u00e5r kommer under juni till augusti att tillf\u00e4lligt uppg\u00e5 till 10,21 %.\u00a0\" \/>\n<meta property=\"og:url\" content=\"https:\/\/www.mooresweden.se\/en\/sommarrabatt-pa-19-23-aringar\/\" \/>\n<meta property=\"og:site_name\" content=\"Moore Ranby\" \/>\n<meta property=\"article:published_time\" content=\"2022-04-11T00:00:00+00:00\" \/>\n<meta property=\"og:image\" content=\"https:\/\/www.mooresweden.se\/wp-content\/uploads\/sites\/5\/2025\/12\/Tre-kollegor-scaled.jpg\" \/>\n\t<meta property=\"og:image:width\" content=\"2560\" \/>\n\t<meta property=\"og:image:height\" content=\"1708\" \/>\n\t<meta property=\"og:image:type\" content=\"image\/jpeg\" \/>\n<meta name=\"author\" content=\"maxspoonerblind\" \/>\n<meta name=\"twitter:card\" content=\"summary_large_image\" \/>\n<meta name=\"twitter:label1\" content=\"Written by\" \/>\n\t<meta name=\"twitter:data1\" content=\"maxspoonerblind\" \/>\n\t<meta name=\"twitter:label2\" content=\"Est. reading time\" \/>\n\t<meta name=\"twitter:data2\" content=\"1 minute\" \/>\n<script type=\"application\/ld+json\" class=\"yoast-schema-graph\">{\"@context\":\"https:\\\/\\\/schema.org\",\"@graph\":[{\"@type\":\"Article\",\"@id\":\"https:\\\/\\\/www.mooresweden.se\\\/sommarrabatt-pa-19-23-aringar\\\/#article\",\"isPartOf\":{\"@id\":\"https:\\\/\\\/www.mooresweden.se\\\/sommarrabatt-pa-19-23-aringar\\\/\"},\"author\":{\"name\":\"maxspoonerblind\",\"@id\":\"https:\\\/\\\/www.mooresweden.se\\\/#\\\/schema\\\/person\\\/5b1d4e955219df756cac8f4bc0f0b776\"},\"headline\":\"Sommarrabatt p\u00e5 19\u201323 \u00e5ringar\",\"datePublished\":\"2022-04-11T00:00:00+00:00\",\"mainEntityOfPage\":{\"@id\":\"https:\\\/\\\/www.mooresweden.se\\\/sommarrabatt-pa-19-23-aringar\\\/\"},\"wordCount\":157,\"commentCount\":0,\"image\":{\"@id\":\"https:\\\/\\\/www.mooresweden.se\\\/sommarrabatt-pa-19-23-aringar\\\/#primaryimage\"},\"thumbnailUrl\":\"https:\\\/\\\/www.mooresweden.se\\\/wp-content\\\/uploads\\\/sites\\\/5\\\/2025\\\/12\\\/Tre-kollegor-scaled.jpg\",\"articleSection\":[\"MOORE Sweden\"],\"inLanguage\":\"en-GB\",\"potentialAction\":[{\"@type\":\"CommentAction\",\"name\":\"Comment\",\"target\":[\"https:\\\/\\\/www.mooresweden.se\\\/sommarrabatt-pa-19-23-aringar\\\/#respond\"]}]},{\"@type\":\"WebPage\",\"@id\":\"https:\\\/\\\/www.mooresweden.se\\\/sommarrabatt-pa-19-23-aringar\\\/\",\"url\":\"https:\\\/\\\/www.mooresweden.se\\\/sommarrabatt-pa-19-23-aringar\\\/\",\"name\":\"Sommarrabatt p\u00e5 19\u201323 \u00e5ringar - Moore Ranby\",\"isPartOf\":{\"@id\":\"https:\\\/\\\/www.mooresweden.se\\\/#website\"},\"primaryImageOfPage\":{\"@id\":\"https:\\\/\\\/www.mooresweden.se\\\/sommarrabatt-pa-19-23-aringar\\\/#primaryimage\"},\"image\":{\"@id\":\"https:\\\/\\\/www.mooresweden.se\\\/sommarrabatt-pa-19-23-aringar\\\/#primaryimage\"},\"thumbnailUrl\":\"https:\\\/\\\/www.mooresweden.se\\\/wp-content\\\/uploads\\\/sites\\\/5\\\/2025\\\/12\\\/Tre-kollegor-scaled.jpg\",\"datePublished\":\"2022-04-11T00:00:00+00:00\",\"author\":{\"@id\":\"https:\\\/\\\/www.mooresweden.se\\\/#\\\/schema\\\/person\\\/5b1d4e955219df756cac8f4bc0f0b776\"},\"description\":\"Riksdagen har beslutat att upprepa f\u00f6rra sommarens tillf\u00e4lligt s\u00e4nkta arbetsgivaravgifter f\u00f6r unga. Arbetsgivaravgiften f\u00f6r anst\u00e4llda mellan 19 \u00e5r till 23 \u00e5r kommer under juni till augusti att tillf\u00e4lligt uppg\u00e5 till 10,21 %.\u00a0\",\"breadcrumb\":{\"@id\":\"https:\\\/\\\/www.mooresweden.se\\\/sommarrabatt-pa-19-23-aringar\\\/#breadcrumb\"},\"inLanguage\":\"en-GB\",\"potentialAction\":[{\"@type\":\"ReadAction\",\"target\":[\"https:\\\/\\\/www.mooresweden.se\\\/sommarrabatt-pa-19-23-aringar\\\/\"]}]},{\"@type\":\"ImageObject\",\"inLanguage\":\"en-GB\",\"@id\":\"https:\\\/\\\/www.mooresweden.se\\\/sommarrabatt-pa-19-23-aringar\\\/#primaryimage\",\"url\":\"https:\\\/\\\/www.mooresweden.se\\\/wp-content\\\/uploads\\\/sites\\\/5\\\/2025\\\/12\\\/Tre-kollegor-scaled.jpg\",\"contentUrl\":\"https:\\\/\\\/www.mooresweden.se\\\/wp-content\\\/uploads\\\/sites\\\/5\\\/2025\\\/12\\\/Tre-kollegor-scaled.jpg\",\"width\":2560,\"height\":1708},{\"@type\":\"BreadcrumbList\",\"@id\":\"https:\\\/\\\/www.mooresweden.se\\\/sommarrabatt-pa-19-23-aringar\\\/#breadcrumb\",\"itemListElement\":[{\"@type\":\"ListItem\",\"position\":1,\"name\":\"Home\",\"item\":\"https:\\\/\\\/www.mooresweden.se\\\/\"},{\"@type\":\"ListItem\",\"position\":2,\"name\":\"Sommarrabatt p\u00e5 19\u201323 \u00e5ringar\"}]},{\"@type\":\"WebSite\",\"@id\":\"https:\\\/\\\/www.mooresweden.se\\\/#website\",\"url\":\"https:\\\/\\\/www.mooresweden.se\\\/\",\"name\":\"Moore Ranby\",\"description\":\"\",\"potentialAction\":[{\"@type\":\"SearchAction\",\"target\":{\"@type\":\"EntryPoint\",\"urlTemplate\":\"https:\\\/\\\/www.mooresweden.se\\\/?s={search_term_string}\"},\"query-input\":{\"@type\":\"PropertyValueSpecification\",\"valueRequired\":true,\"valueName\":\"search_term_string\"}}],\"inLanguage\":\"en-GB\"},{\"@type\":\"Person\",\"@id\":\"https:\\\/\\\/www.mooresweden.se\\\/#\\\/schema\\\/person\\\/5b1d4e955219df756cac8f4bc0f0b776\",\"name\":\"maxspoonerblind\",\"image\":{\"@type\":\"ImageObject\",\"inLanguage\":\"en-GB\",\"@id\":\"https:\\\/\\\/secure.gravatar.com\\\/avatar\\\/1e408e61fa2245f0c76b6c466b5d5f5987b00db766ffd0b1395f8ea179be39ee?s=96&d=mm&r=g\",\"url\":\"https:\\\/\\\/secure.gravatar.com\\\/avatar\\\/1e408e61fa2245f0c76b6c466b5d5f5987b00db766ffd0b1395f8ea179be39ee?s=96&d=mm&r=g\",\"contentUrl\":\"https:\\\/\\\/secure.gravatar.com\\\/avatar\\\/1e408e61fa2245f0c76b6c466b5d5f5987b00db766ffd0b1395f8ea179be39ee?s=96&d=mm&r=g\",\"caption\":\"maxspoonerblind\"},\"url\":\"https:\\\/\\\/www.mooresweden.se\\\/en\\\/author\\\/maxspoonerblind\\\/\"}]}<\/script>\n<!-- \/ Yoast SEO plugin. -->","yoast_head_json":{"title":"Sommarrabatt p\u00e5 19\u201323 \u00e5ringar - Moore Ranby","description":"Riksdagen har beslutat att upprepa f\u00f6rra sommarens tillf\u00e4lligt s\u00e4nkta arbetsgivaravgifter f\u00f6r unga. Arbetsgivaravgiften f\u00f6r anst\u00e4llda mellan 19 \u00e5r till 23 \u00e5r kommer under juni till augusti att tillf\u00e4lligt uppg\u00e5 till 10,21 %.\u00a0","robots":{"index":"index","follow":"follow","max-snippet":"max-snippet:-1","max-image-preview":"max-image-preview:large","max-video-preview":"max-video-preview:-1"},"canonical":"https:\/\/www.mooresweden.se\/en\/sommarrabatt-pa-19-23-aringar\/","og_locale":"en_GB","og_type":"article","og_title":"Sommarrabatt p\u00e5 19\u201323 \u00e5ringar","og_description":"Riksdagen har beslutat att upprepa f\u00f6rra sommarens tillf\u00e4lligt s\u00e4nkta arbetsgivaravgifter f\u00f6r unga. Arbetsgivaravgiften f\u00f6r anst\u00e4llda mellan 19 \u00e5r till 23 \u00e5r kommer under juni till augusti att tillf\u00e4lligt uppg\u00e5 till 10,21 %.\u00a0","og_url":"https:\/\/www.mooresweden.se\/en\/sommarrabatt-pa-19-23-aringar\/","og_site_name":"Moore Ranby","article_published_time":"2022-04-11T00:00:00+00:00","og_image":[{"width":2560,"height":1708,"url":"https:\/\/www.mooresweden.se\/wp-content\/uploads\/sites\/5\/2025\/12\/Tre-kollegor-scaled.jpg","type":"image\/jpeg"}],"author":"maxspoonerblind","twitter_card":"summary_large_image","twitter_misc":{"Written by":"maxspoonerblind","Est. reading time":"1 minute"},"schema":{"@context":"https:\/\/schema.org","@graph":[{"@type":"Article","@id":"https:\/\/www.mooresweden.se\/sommarrabatt-pa-19-23-aringar\/#article","isPartOf":{"@id":"https:\/\/www.mooresweden.se\/sommarrabatt-pa-19-23-aringar\/"},"author":{"name":"maxspoonerblind","@id":"https:\/\/www.mooresweden.se\/#\/schema\/person\/5b1d4e955219df756cac8f4bc0f0b776"},"headline":"Sommarrabatt p\u00e5 19\u201323 \u00e5ringar","datePublished":"2022-04-11T00:00:00+00:00","mainEntityOfPage":{"@id":"https:\/\/www.mooresweden.se\/sommarrabatt-pa-19-23-aringar\/"},"wordCount":157,"commentCount":0,"image":{"@id":"https:\/\/www.mooresweden.se\/sommarrabatt-pa-19-23-aringar\/#primaryimage"},"thumbnailUrl":"https:\/\/www.mooresweden.se\/wp-content\/uploads\/sites\/5\/2025\/12\/Tre-kollegor-scaled.jpg","articleSection":["MOORE Sweden"],"inLanguage":"en-GB","potentialAction":[{"@type":"CommentAction","name":"Comment","target":["https:\/\/www.mooresweden.se\/sommarrabatt-pa-19-23-aringar\/#respond"]}]},{"@type":"WebPage","@id":"https:\/\/www.mooresweden.se\/sommarrabatt-pa-19-23-aringar\/","url":"https:\/\/www.mooresweden.se\/sommarrabatt-pa-19-23-aringar\/","name":"Sommarrabatt p\u00e5 19\u201323 \u00e5ringar - Moore Ranby","isPartOf":{"@id":"https:\/\/www.mooresweden.se\/#website"},"primaryImageOfPage":{"@id":"https:\/\/www.mooresweden.se\/sommarrabatt-pa-19-23-aringar\/#primaryimage"},"image":{"@id":"https:\/\/www.mooresweden.se\/sommarrabatt-pa-19-23-aringar\/#primaryimage"},"thumbnailUrl":"https:\/\/www.mooresweden.se\/wp-content\/uploads\/sites\/5\/2025\/12\/Tre-kollegor-scaled.jpg","datePublished":"2022-04-11T00:00:00+00:00","author":{"@id":"https:\/\/www.mooresweden.se\/#\/schema\/person\/5b1d4e955219df756cac8f4bc0f0b776"},"description":"Riksdagen har beslutat att upprepa f\u00f6rra sommarens tillf\u00e4lligt s\u00e4nkta arbetsgivaravgifter f\u00f6r unga. Arbetsgivaravgiften f\u00f6r anst\u00e4llda mellan 19 \u00e5r till 23 \u00e5r kommer under juni till augusti att tillf\u00e4lligt uppg\u00e5 till 10,21 %.\u00a0","breadcrumb":{"@id":"https:\/\/www.mooresweden.se\/sommarrabatt-pa-19-23-aringar\/#breadcrumb"},"inLanguage":"en-GB","potentialAction":[{"@type":"ReadAction","target":["https:\/\/www.mooresweden.se\/sommarrabatt-pa-19-23-aringar\/"]}]},{"@type":"ImageObject","inLanguage":"en-GB","@id":"https:\/\/www.mooresweden.se\/sommarrabatt-pa-19-23-aringar\/#primaryimage","url":"https:\/\/www.mooresweden.se\/wp-content\/uploads\/sites\/5\/2025\/12\/Tre-kollegor-scaled.jpg","contentUrl":"https:\/\/www.mooresweden.se\/wp-content\/uploads\/sites\/5\/2025\/12\/Tre-kollegor-scaled.jpg","width":2560,"height":1708},{"@type":"BreadcrumbList","@id":"https:\/\/www.mooresweden.se\/sommarrabatt-pa-19-23-aringar\/#breadcrumb","itemListElement":[{"@type":"ListItem","position":1,"name":"Home","item":"https:\/\/www.mooresweden.se\/"},{"@type":"ListItem","position":2,"name":"Sommarrabatt p\u00e5 19\u201323 \u00e5ringar"}]},{"@type":"WebSite","@id":"https:\/\/www.mooresweden.se\/#website","url":"https:\/\/www.mooresweden.se\/","name":"Ranby Moore","description":"","potentialAction":[{"@type":"SearchAction","target":{"@type":"EntryPoint","urlTemplate":"https:\/\/www.mooresweden.se\/?s={search_term_string}"},"query-input":{"@type":"PropertyValueSpecification","valueRequired":true,"valueName":"search_term_string"}}],"inLanguage":"en-GB"},{"@type":"Person","@id":"https:\/\/www.mooresweden.se\/#\/schema\/person\/5b1d4e955219df756cac8f4bc0f0b776","name":"maxspoonerblind","image":{"@type":"ImageObject","inLanguage":"en-GB","@id":"https:\/\/secure.gravatar.com\/avatar\/1e408e61fa2245f0c76b6c466b5d5f5987b00db766ffd0b1395f8ea179be39ee?s=96&d=mm&r=g","url":"https:\/\/secure.gravatar.com\/avatar\/1e408e61fa2245f0c76b6c466b5d5f5987b00db766ffd0b1395f8ea179be39ee?s=96&d=mm&r=g","contentUrl":"https:\/\/secure.gravatar.com\/avatar\/1e408e61fa2245f0c76b6c466b5d5f5987b00db766ffd0b1395f8ea179be39ee?s=96&d=mm&r=g","caption":"maxspoonerblind"},"url":"https:\/\/www.mooresweden.se\/en\/author\/maxspoonerblind\/"}]}},"_links":{"self":[{"href":"https:\/\/www.mooresweden.se\/en\/wp-json\/wp\/v2\/posts\/858","targetHints":{"allow":["GET"]}}],"collection":[{"href":"https:\/\/www.mooresweden.se\/en\/wp-json\/wp\/v2\/posts"}],"about":[{"href":"https:\/\/www.mooresweden.se\/en\/wp-json\/wp\/v2\/types\/post"}],"author":[{"embeddable":true,"href":"https:\/\/www.mooresweden.se\/en\/wp-json\/wp\/v2\/users\/3"}],"replies":[{"embeddable":true,"href":"https:\/\/www.mooresweden.se\/en\/wp-json\/wp\/v2\/comments?post=858"}],"version-history":[{"count":0,"href":"https:\/\/www.mooresweden.se\/en\/wp-json\/wp\/v2\/posts\/858\/revisions"}],"wp:featuredmedia":[{"embeddable":true,"href":"https:\/\/www.mooresweden.se\/en\/wp-json\/wp\/v2\/media\/859"}],"wp:attachment":[{"href":"https:\/\/www.mooresweden.se\/en\/wp-json\/wp\/v2\/media?parent=858"}],"wp:term":[{"taxonomy":"category","embeddable":true,"href":"https:\/\/www.mooresweden.se\/en\/wp-json\/wp\/v2\/categories?post=858"},{"taxonomy":"post_tag","embeddable":true,"href":"https:\/\/www.mooresweden.se\/en\/wp-json\/wp\/v2\/tags?post=858"},{"taxonomy":"location","embeddable":true,"href":"https:\/\/www.mooresweden.se\/en\/wp-json\/wp\/v2\/location?post=858"}],"curies":[{"name":"wp","href":"https:\/\/api.w.org\/{rel}","templated":true}]}}