{"id":878,"date":"2021-02-12T00:00:00","date_gmt":"2021-02-12T00:00:00","guid":{"rendered":"https:\/\/moore-sweeden-ranby.eu3.moore-global.com\/ingen-forseningsavgift-pa-sena-arbetsgivardeklarat\/"},"modified":"2021-02-12T00:00:00","modified_gmt":"2021-02-12T00:00:00","slug":"no-late-employer-declaration-fee","status":"publish","type":"post","link":"https:\/\/www.mooresweden.se\/en\/no-late-employer-declaration-fee\/","title":{"rendered":"No late filing fee for late employer declarations"},"content":{"rendered":"<p><strong>The new rules on reduced employer contributions for young people came into effect on 6 February. The Swedish Tax Agency has now decided not to charge late payment fees on employer declarations in February.<\/strong><\/p>\n<p>6 February, when the new rules came into effect, there was only one week left until the submission deadline. The reduction also applies to the January salary, which in many cases must be declared by 12 February.<\/p>\n<p>The reduced employer's social security contribution for young people aims to make it easier to employ young individuals. The rules mean that the employer's social security contribution for people born between 1998 and 2002 will be 19.73 per cent instead of the usual 31.42 per cent.<\/p>\n<p>The reduction applies to salaries up to 25,000 Swedish Kronor. If the employee earns more than this, the usual employer's contribution will be paid on the portion of the salary exceeding 25,000 Swedish Kronor.<\/p>\n<p>According to the Swedish Tax Agency, there wouldn't be enough time for many employers with young employees to adapt and report correctly.<\/p>\n<p>\u2013 We would like to get it right from the start, so that we can avoid the need for corrections afterwards as much as possible. Therefore, we will not charge a late fee for delayed employer declarations in February, says\u00a0<strong>Helena Jangel Stridh<\/strong>, business developer at the Swedish Tax Agency in a press release.<\/p>\n<p>Anyone who has already reported in accordance with the previous rules can request a review and thus benefit from the reduction.<\/p>\n<p>The decision not to charge late fees applies to the employer's declaration for January 2021, which must be submitted by 12 February 2021, and for companies with a turnover exceeding 40 million SEK, by 26 February 2021.<br \/>\nExemption from late payment fees does not apply in cases where the Swedish Tax Agency needs to make an estimated assessment due to the employer's declaration not being submitted at all.<\/p>\n<p><em>Bj\u00f6rn Dickson<\/p>\n<p>This article is published in collaboration with Resultat.<\/em><\/p>","protected":false},"excerpt":{"rendered":"<p>6 februari tr\u00e4dde de nya reglerna om s\u00e4nkt arbetsgivaravgift f\u00f6r unga i kraft. Nu har Skatteverket beslutat att inte ta ut f\u00f6rseningsavgift p\u00e5 arbetsgivardeklarationer i februari. 6 februari, d\u00e5 de nya reglerna allts\u00e5 tr\u00e4dde i kraft, var det bara en vecka kvar till sista inl\u00e4mningsdatum. Neds\u00e4ttningen g\u00e4ller \u00e4ven januaril\u00f6nen som i m\u00e5nga fall ska deklareras [&hellip;]<\/p>\n","protected":false},"author":3,"featured_media":0,"comment_status":"open","ping_status":"open","sticky":false,"template":"","format":"standard","meta":{"_acf_changed":false,"footnotes":""},"categories":[1],"tags":[],"location":[],"class_list":["post-878","post","type-post","status-publish","format-standard","hentry","category-moore-sweden"],"acf":[],"yoast_head":"<!-- This site is optimized with the Yoast SEO plugin v27.5 - https:\/\/yoast.com\/product\/yoast-seo-wordpress\/ -->\n<title>Ingen f\u00f6rseningsavgift p\u00e5 sena arbetsgivardeklarationer - Moore Ranby<\/title>\n<meta name=\"description\" content=\"6 februari tr\u00e4dde de nya reglerna om s\u00e4nkt arbetsgivaravgift f\u00f6r unga i kraft. Nu har Skatteverket beslutat att inte ta ut f\u00f6rseningsavgift p\u00e5 arbetsgivardeklarationer i februari.\" \/>\n<meta name=\"robots\" content=\"index, follow, max-snippet:-1, max-image-preview:large, max-video-preview:-1\" \/>\n<link rel=\"canonical\" href=\"https:\/\/www.mooresweden.se\/en\/no-late-employer-declaration-fee\/\" \/>\n<meta property=\"og:locale\" content=\"en_GB\" \/>\n<meta property=\"og:type\" content=\"article\" \/>\n<meta property=\"og:title\" content=\"Ingen f\u00f6rseningsavgift p\u00e5 sena arbetsgivardeklarationer\" \/>\n<meta property=\"og:description\" content=\"6 februari tr\u00e4dde de nya reglerna om s\u00e4nkt arbetsgivaravgift f\u00f6r unga i kraft. Nu har Skatteverket beslutat att inte ta ut f\u00f6rseningsavgift p\u00e5 arbetsgivardeklarationer i februari.\" \/>\n<meta property=\"og:url\" content=\"https:\/\/www.mooresweden.se\/en\/no-late-employer-declaration-fee\/\" \/>\n<meta property=\"og:site_name\" content=\"Moore Ranby\" \/>\n<meta property=\"article:published_time\" content=\"2021-02-12T00:00:00+00:00\" \/>\n<meta name=\"author\" content=\"maxspoonerblind\" \/>\n<meta name=\"twitter:card\" content=\"summary_large_image\" \/>\n<meta name=\"twitter:label1\" content=\"Written by\" \/>\n\t<meta name=\"twitter:data1\" content=\"maxspoonerblind\" \/>\n\t<meta name=\"twitter:label2\" content=\"Est. reading time\" \/>\n\t<meta name=\"twitter:data2\" content=\"2 minutes\" \/>\n<script type=\"application\/ld+json\" class=\"yoast-schema-graph\">{\"@context\":\"https:\\\/\\\/schema.org\",\"@graph\":[{\"@type\":\"Article\",\"@id\":\"https:\\\/\\\/www.mooresweden.se\\\/ingen-forseningsavgift-pa-sena-arbetsgivardeklarat\\\/#article\",\"isPartOf\":{\"@id\":\"https:\\\/\\\/www.mooresweden.se\\\/ingen-forseningsavgift-pa-sena-arbetsgivardeklarat\\\/\"},\"author\":{\"name\":\"maxspoonerblind\",\"@id\":\"https:\\\/\\\/www.mooresweden.se\\\/#\\\/schema\\\/person\\\/5b1d4e955219df756cac8f4bc0f0b776\"},\"headline\":\"Ingen f\u00f6rseningsavgift p\u00e5 sena arbetsgivardeklarationer\",\"datePublished\":\"2021-02-12T00:00:00+00:00\",\"mainEntityOfPage\":{\"@id\":\"https:\\\/\\\/www.mooresweden.se\\\/ingen-forseningsavgift-pa-sena-arbetsgivardeklarat\\\/\"},\"wordCount\":334,\"commentCount\":0,\"articleSection\":[\"MOORE Sweden\"],\"inLanguage\":\"en-GB\",\"potentialAction\":[{\"@type\":\"CommentAction\",\"name\":\"Comment\",\"target\":[\"https:\\\/\\\/www.mooresweden.se\\\/ingen-forseningsavgift-pa-sena-arbetsgivardeklarat\\\/#respond\"]}]},{\"@type\":\"WebPage\",\"@id\":\"https:\\\/\\\/www.mooresweden.se\\\/ingen-forseningsavgift-pa-sena-arbetsgivardeklarat\\\/\",\"url\":\"https:\\\/\\\/www.mooresweden.se\\\/ingen-forseningsavgift-pa-sena-arbetsgivardeklarat\\\/\",\"name\":\"Ingen f\u00f6rseningsavgift p\u00e5 sena arbetsgivardeklarationer - Moore Ranby\",\"isPartOf\":{\"@id\":\"https:\\\/\\\/www.mooresweden.se\\\/#website\"},\"datePublished\":\"2021-02-12T00:00:00+00:00\",\"author\":{\"@id\":\"https:\\\/\\\/www.mooresweden.se\\\/#\\\/schema\\\/person\\\/5b1d4e955219df756cac8f4bc0f0b776\"},\"description\":\"6 februari tr\u00e4dde de nya reglerna om s\u00e4nkt arbetsgivaravgift f\u00f6r unga i kraft. Nu har Skatteverket beslutat att inte ta ut f\u00f6rseningsavgift p\u00e5 arbetsgivardeklarationer i februari.\",\"breadcrumb\":{\"@id\":\"https:\\\/\\\/www.mooresweden.se\\\/ingen-forseningsavgift-pa-sena-arbetsgivardeklarat\\\/#breadcrumb\"},\"inLanguage\":\"en-GB\",\"potentialAction\":[{\"@type\":\"ReadAction\",\"target\":[\"https:\\\/\\\/www.mooresweden.se\\\/ingen-forseningsavgift-pa-sena-arbetsgivardeklarat\\\/\"]}]},{\"@type\":\"BreadcrumbList\",\"@id\":\"https:\\\/\\\/www.mooresweden.se\\\/ingen-forseningsavgift-pa-sena-arbetsgivardeklarat\\\/#breadcrumb\",\"itemListElement\":[{\"@type\":\"ListItem\",\"position\":1,\"name\":\"Home\",\"item\":\"https:\\\/\\\/www.mooresweden.se\\\/\"},{\"@type\":\"ListItem\",\"position\":2,\"name\":\"Ingen f\u00f6rseningsavgift p\u00e5 sena arbetsgivardeklarationer\"}]},{\"@type\":\"WebSite\",\"@id\":\"https:\\\/\\\/www.mooresweden.se\\\/#website\",\"url\":\"https:\\\/\\\/www.mooresweden.se\\\/\",\"name\":\"Moore Ranby\",\"description\":\"\",\"potentialAction\":[{\"@type\":\"SearchAction\",\"target\":{\"@type\":\"EntryPoint\",\"urlTemplate\":\"https:\\\/\\\/www.mooresweden.se\\\/?s={search_term_string}\"},\"query-input\":{\"@type\":\"PropertyValueSpecification\",\"valueRequired\":true,\"valueName\":\"search_term_string\"}}],\"inLanguage\":\"en-GB\"},{\"@type\":\"Person\",\"@id\":\"https:\\\/\\\/www.mooresweden.se\\\/#\\\/schema\\\/person\\\/5b1d4e955219df756cac8f4bc0f0b776\",\"name\":\"maxspoonerblind\",\"image\":{\"@type\":\"ImageObject\",\"inLanguage\":\"en-GB\",\"@id\":\"https:\\\/\\\/secure.gravatar.com\\\/avatar\\\/1e408e61fa2245f0c76b6c466b5d5f5987b00db766ffd0b1395f8ea179be39ee?s=96&d=mm&r=g\",\"url\":\"https:\\\/\\\/secure.gravatar.com\\\/avatar\\\/1e408e61fa2245f0c76b6c466b5d5f5987b00db766ffd0b1395f8ea179be39ee?s=96&d=mm&r=g\",\"contentUrl\":\"https:\\\/\\\/secure.gravatar.com\\\/avatar\\\/1e408e61fa2245f0c76b6c466b5d5f5987b00db766ffd0b1395f8ea179be39ee?s=96&d=mm&r=g\",\"caption\":\"maxspoonerblind\"},\"url\":\"https:\\\/\\\/www.mooresweden.se\\\/en\\\/author\\\/maxspoonerblind\\\/\"}]}<\/script>\n<!-- \/ Yoast SEO plugin. -->","yoast_head_json":{"title":"No late filing penalty on late employer declarations - Moore Ranby","description":"The new rules on reduced employer contributions for young people came into effect on 6 February. The Swedish Tax Agency has now decided not to charge late payment fees on employer declarations in February.","robots":{"index":"index","follow":"follow","max-snippet":"max-snippet:-1","max-image-preview":"max-image-preview:large","max-video-preview":"max-video-preview:-1"},"canonical":"https:\/\/www.mooresweden.se\/en\/no-late-employer-declaration-fee\/","og_locale":"en_GB","og_type":"article","og_title":"Ingen f\u00f6rseningsavgift p\u00e5 sena arbetsgivardeklarationer","og_description":"6 februari tr\u00e4dde de nya reglerna om s\u00e4nkt arbetsgivaravgift f\u00f6r unga i kraft. Nu har Skatteverket beslutat att inte ta ut f\u00f6rseningsavgift p\u00e5 arbetsgivardeklarationer i februari.","og_url":"https:\/\/www.mooresweden.se\/en\/no-late-employer-declaration-fee\/","og_site_name":"Moore Ranby","article_published_time":"2021-02-12T00:00:00+00:00","author":"maxspoonerblind","twitter_card":"summary_large_image","twitter_misc":{"Written by":"maxspoonerblind","Est. reading time":"2 minutes"},"schema":{"@context":"https:\/\/schema.org","@graph":[{"@type":"Article","@id":"https:\/\/www.mooresweden.se\/ingen-forseningsavgift-pa-sena-arbetsgivardeklarat\/#article","isPartOf":{"@id":"https:\/\/www.mooresweden.se\/ingen-forseningsavgift-pa-sena-arbetsgivardeklarat\/"},"author":{"name":"maxspoonerblind","@id":"https:\/\/www.mooresweden.se\/#\/schema\/person\/5b1d4e955219df756cac8f4bc0f0b776"},"headline":"Ingen f\u00f6rseningsavgift p\u00e5 sena arbetsgivardeklarationer","datePublished":"2021-02-12T00:00:00+00:00","mainEntityOfPage":{"@id":"https:\/\/www.mooresweden.se\/ingen-forseningsavgift-pa-sena-arbetsgivardeklarat\/"},"wordCount":334,"commentCount":0,"articleSection":["MOORE Sweden"],"inLanguage":"en-GB","potentialAction":[{"@type":"CommentAction","name":"Comment","target":["https:\/\/www.mooresweden.se\/ingen-forseningsavgift-pa-sena-arbetsgivardeklarat\/#respond"]}]},{"@type":"WebPage","@id":"https:\/\/www.mooresweden.se\/ingen-forseningsavgift-pa-sena-arbetsgivardeklarat\/","url":"https:\/\/www.mooresweden.se\/ingen-forseningsavgift-pa-sena-arbetsgivardeklarat\/","name":"No late filing penalty on late employer declarations - Moore Ranby","isPartOf":{"@id":"https:\/\/www.mooresweden.se\/#website"},"datePublished":"2021-02-12T00:00:00+00:00","author":{"@id":"https:\/\/www.mooresweden.se\/#\/schema\/person\/5b1d4e955219df756cac8f4bc0f0b776"},"description":"The new rules on reduced employer contributions for young people came into effect on 6 February. The Swedish Tax Agency has now decided not to charge late payment fees on employer declarations in February.","breadcrumb":{"@id":"https:\/\/www.mooresweden.se\/ingen-forseningsavgift-pa-sena-arbetsgivardeklarat\/#breadcrumb"},"inLanguage":"en-GB","potentialAction":[{"@type":"ReadAction","target":["https:\/\/www.mooresweden.se\/ingen-forseningsavgift-pa-sena-arbetsgivardeklarat\/"]}]},{"@type":"BreadcrumbList","@id":"https:\/\/www.mooresweden.se\/ingen-forseningsavgift-pa-sena-arbetsgivardeklarat\/#breadcrumb","itemListElement":[{"@type":"ListItem","position":1,"name":"Home","item":"https:\/\/www.mooresweden.se\/"},{"@type":"ListItem","position":2,"name":"Ingen f\u00f6rseningsavgift p\u00e5 sena arbetsgivardeklarationer"}]},{"@type":"WebSite","@id":"https:\/\/www.mooresweden.se\/#website","url":"https:\/\/www.mooresweden.se\/","name":"Ranby Moore","description":"","potentialAction":[{"@type":"SearchAction","target":{"@type":"EntryPoint","urlTemplate":"https:\/\/www.mooresweden.se\/?s={search_term_string}"},"query-input":{"@type":"PropertyValueSpecification","valueRequired":true,"valueName":"search_term_string"}}],"inLanguage":"en-GB"},{"@type":"Person","@id":"https:\/\/www.mooresweden.se\/#\/schema\/person\/5b1d4e955219df756cac8f4bc0f0b776","name":"maxspoonerblind","image":{"@type":"ImageObject","inLanguage":"en-GB","@id":"https:\/\/secure.gravatar.com\/avatar\/1e408e61fa2245f0c76b6c466b5d5f5987b00db766ffd0b1395f8ea179be39ee?s=96&d=mm&r=g","url":"https:\/\/secure.gravatar.com\/avatar\/1e408e61fa2245f0c76b6c466b5d5f5987b00db766ffd0b1395f8ea179be39ee?s=96&d=mm&r=g","contentUrl":"https:\/\/secure.gravatar.com\/avatar\/1e408e61fa2245f0c76b6c466b5d5f5987b00db766ffd0b1395f8ea179be39ee?s=96&d=mm&r=g","caption":"maxspoonerblind"},"url":"https:\/\/www.mooresweden.se\/en\/author\/maxspoonerblind\/"}]}},"_links":{"self":[{"href":"https:\/\/www.mooresweden.se\/en\/wp-json\/wp\/v2\/posts\/878","targetHints":{"allow":["GET"]}}],"collection":[{"href":"https:\/\/www.mooresweden.se\/en\/wp-json\/wp\/v2\/posts"}],"about":[{"href":"https:\/\/www.mooresweden.se\/en\/wp-json\/wp\/v2\/types\/post"}],"author":[{"embeddable":true,"href":"https:\/\/www.mooresweden.se\/en\/wp-json\/wp\/v2\/users\/3"}],"replies":[{"embeddable":true,"href":"https:\/\/www.mooresweden.se\/en\/wp-json\/wp\/v2\/comments?post=878"}],"version-history":[{"count":0,"href":"https:\/\/www.mooresweden.se\/en\/wp-json\/wp\/v2\/posts\/878\/revisions"}],"wp:attachment":[{"href":"https:\/\/www.mooresweden.se\/en\/wp-json\/wp\/v2\/media?parent=878"}],"wp:term":[{"taxonomy":"category","embeddable":true,"href":"https:\/\/www.mooresweden.se\/en\/wp-json\/wp\/v2\/categories?post=878"},{"taxonomy":"post_tag","embeddable":true,"href":"https:\/\/www.mooresweden.se\/en\/wp-json\/wp\/v2\/tags?post=878"},{"taxonomy":"location","embeddable":true,"href":"https:\/\/www.mooresweden.se\/en\/wp-json\/wp\/v2\/location?post=878"}],"curies":[{"name":"wp","href":"https:\/\/api.w.org\/{rel}","templated":true}]}}