{"id":879,"date":"2021-02-25T00:00:00","date_gmt":"2021-02-25T00:00:00","guid":{"rendered":"https:\/\/moore-sweeden-ranby.eu3.moore-global.com\/skatteverket-oppnar-for-ansokan-for-nya-perioder-a\/"},"modified":"2021-02-25T00:00:00","modified_gmt":"2021-02-25T00:00:00","slug":"the-swedish-tax-agency-opens-for-applications-for-new-periods","status":"publish","type":"post","link":"https:\/\/www.mooresweden.se\/en\/the-swedish-tax-agency-opens-for-applications-for-new-periods\/","title":{"rendered":"The Swedish Tax Agency opens for applications for new periods of transition support"},"content":{"rendered":"<p>On 25 February, the Swedish Tax Agency will open the possibility to apply for transition support for the period August to December 2020. For the period January to February, the application will open on 1 March.<br \/>\n\u00a0<br \/>\nBusinesses that have experienced reduced turnover due to the pandemic can apply for transition support. The government has decided this after receiving clearance from the EU. The announcement means that the Swedish Tax Agency will open applications for the first new periods, covering August to December 2020. Applications open on February 25th.<br \/>\nThe support is divided into three new support periods and the following dates apply:<\/p>\n<ul>\n<li>August to October, the service opens February 25th.<\/li>\n<li>November \u2013 December 2020, service opens 25 February.<\/li>\n<li>January \u2013 February 2021, the service opens on March 1st.<\/li>\n<\/ul>\n<p>The terms differ between the three periods and each period is applied for separately.<br \/>\nThe government has also announced that transition support will be available for the period of March and April 2021.<\/p>\n<p><strong>Read more about the transition support on the Swedish Tax Agency's website:<\/strong><br \/>\n<a href=\"https:\/\/skatteverket.se\/foretagochorganisationer\/skatter\/coronainformationforforetagforeningarochoffentligaaktorer\/omstallningsstodtillfoljdavcorona.4.1c68351d170ce5545274834.html\">About transition support on skatteverket.se<\/a><\/p>\n<p><em>This article is published in co-operation with Tidningen Resultat.<\/em><\/p>","protected":false},"excerpt":{"rendered":"<p>25 februari \u00f6ppnar Skatteverket m\u00f6jligheten att s\u00f6ka omst\u00e4llningsst\u00f6d f\u00f6r perioden augusti till december 2020. F\u00f6r perioden januari till februari \u00f6ppnar ans\u00f6kan 1 mars. \u00a0 F\u00f6retag som drabbats av minskad oms\u00e4ttning p\u00e5 grund av pandemin kan s\u00f6ka omst\u00e4llningsst\u00f6d. Det har regeringen beslutat efter klartecken fr\u00e5n EU. Beskedet inneb\u00e4r att Skatteverket \u00f6ppnar ans\u00f6kan f\u00f6r de f\u00f6rsta nya [&hellip;]<\/p>\n","protected":false},"author":3,"featured_media":0,"comment_status":"open","ping_status":"open","sticky":false,"template":"","format":"standard","meta":{"_acf_changed":false,"footnotes":""},"categories":[1],"tags":[],"location":[],"class_list":["post-879","post","type-post","status-publish","format-standard","hentry","category-moore-sweden"],"acf":[],"yoast_head":"<!-- This site is optimized with the Yoast SEO plugin v27.3 - https:\/\/yoast.com\/product\/yoast-seo-wordpress\/ -->\n<title>Skatteverket \u00f6ppnar f\u00f6r ans\u00f6kan f\u00f6r nya perioder av omst\u00e4llningsst\u00f6d - Moore Ranby<\/title>\n<meta name=\"description\" content=\"25 februari \u00f6ppnar Skatteverket m\u00f6jligheten att s\u00f6ka omst\u00e4llningsst\u00f6d f\u00f6r perioden augusti till december 2020. F\u00f6r perioden januari till februari \u00f6ppnar ans\u00f6kan 1 mars.\" \/>\n<meta name=\"robots\" content=\"index, follow, max-snippet:-1, max-image-preview:large, max-video-preview:-1\" \/>\n<link rel=\"canonical\" href=\"https:\/\/www.mooresweden.se\/en\/the-swedish-tax-agency-opens-for-applications-for-new-periods\/\" \/>\n<meta property=\"og:locale\" content=\"en_GB\" \/>\n<meta property=\"og:type\" content=\"article\" \/>\n<meta property=\"og:title\" content=\"Skatteverket \u00f6ppnar f\u00f6r ans\u00f6kan f\u00f6r nya perioder av omst\u00e4llningsst\u00f6d\" \/>\n<meta property=\"og:description\" content=\"25 februari \u00f6ppnar Skatteverket m\u00f6jligheten att s\u00f6ka omst\u00e4llningsst\u00f6d f\u00f6r perioden augusti till december 2020. F\u00f6r perioden januari till februari \u00f6ppnar ans\u00f6kan 1 mars.\" \/>\n<meta property=\"og:url\" content=\"https:\/\/www.mooresweden.se\/en\/the-swedish-tax-agency-opens-for-applications-for-new-periods\/\" \/>\n<meta property=\"og:site_name\" content=\"Moore Ranby\" \/>\n<meta property=\"article:published_time\" content=\"2021-02-25T00:00:00+00:00\" \/>\n<meta name=\"author\" content=\"maxspoonerblind\" \/>\n<meta name=\"twitter:card\" content=\"summary_large_image\" \/>\n<meta name=\"twitter:label1\" content=\"Written by\" \/>\n\t<meta name=\"twitter:data1\" content=\"maxspoonerblind\" \/>\n\t<meta name=\"twitter:label2\" content=\"Est. reading time\" \/>\n\t<meta name=\"twitter:data2\" content=\"1 minute\" \/>\n<script type=\"application\/ld+json\" class=\"yoast-schema-graph\">{\"@context\":\"https:\\\/\\\/schema.org\",\"@graph\":[{\"@type\":\"Article\",\"@id\":\"https:\\\/\\\/www.mooresweden.se\\\/skatteverket-oppnar-for-ansokan-for-nya-perioder-a\\\/#article\",\"isPartOf\":{\"@id\":\"https:\\\/\\\/www.mooresweden.se\\\/skatteverket-oppnar-for-ansokan-for-nya-perioder-a\\\/\"},\"author\":{\"name\":\"maxspoonerblind\",\"@id\":\"https:\\\/\\\/www.mooresweden.se\\\/#\\\/schema\\\/person\\\/5b1d4e955219df756cac8f4bc0f0b776\"},\"headline\":\"Skatteverket \u00f6ppnar f\u00f6r ans\u00f6kan f\u00f6r nya perioder av omst\u00e4llningsst\u00f6d\",\"datePublished\":\"2021-02-25T00:00:00+00:00\",\"mainEntityOfPage\":{\"@id\":\"https:\\\/\\\/www.mooresweden.se\\\/skatteverket-oppnar-for-ansokan-for-nya-perioder-a\\\/\"},\"wordCount\":184,\"commentCount\":0,\"articleSection\":[\"MOORE Sweden\"],\"inLanguage\":\"en-GB\",\"potentialAction\":[{\"@type\":\"CommentAction\",\"name\":\"Comment\",\"target\":[\"https:\\\/\\\/www.mooresweden.se\\\/skatteverket-oppnar-for-ansokan-for-nya-perioder-a\\\/#respond\"]}]},{\"@type\":\"WebPage\",\"@id\":\"https:\\\/\\\/www.mooresweden.se\\\/skatteverket-oppnar-for-ansokan-for-nya-perioder-a\\\/\",\"url\":\"https:\\\/\\\/www.mooresweden.se\\\/skatteverket-oppnar-for-ansokan-for-nya-perioder-a\\\/\",\"name\":\"Skatteverket \u00f6ppnar f\u00f6r ans\u00f6kan f\u00f6r nya perioder av omst\u00e4llningsst\u00f6d - Moore Ranby\",\"isPartOf\":{\"@id\":\"https:\\\/\\\/www.mooresweden.se\\\/#website\"},\"datePublished\":\"2021-02-25T00:00:00+00:00\",\"author\":{\"@id\":\"https:\\\/\\\/www.mooresweden.se\\\/#\\\/schema\\\/person\\\/5b1d4e955219df756cac8f4bc0f0b776\"},\"description\":\"25 februari \u00f6ppnar Skatteverket m\u00f6jligheten att s\u00f6ka omst\u00e4llningsst\u00f6d f\u00f6r perioden augusti till december 2020. F\u00f6r perioden januari till februari \u00f6ppnar ans\u00f6kan 1 mars.\",\"breadcrumb\":{\"@id\":\"https:\\\/\\\/www.mooresweden.se\\\/skatteverket-oppnar-for-ansokan-for-nya-perioder-a\\\/#breadcrumb\"},\"inLanguage\":\"en-GB\",\"potentialAction\":[{\"@type\":\"ReadAction\",\"target\":[\"https:\\\/\\\/www.mooresweden.se\\\/skatteverket-oppnar-for-ansokan-for-nya-perioder-a\\\/\"]}]},{\"@type\":\"BreadcrumbList\",\"@id\":\"https:\\\/\\\/www.mooresweden.se\\\/skatteverket-oppnar-for-ansokan-for-nya-perioder-a\\\/#breadcrumb\",\"itemListElement\":[{\"@type\":\"ListItem\",\"position\":1,\"name\":\"Home\",\"item\":\"https:\\\/\\\/www.mooresweden.se\\\/\"},{\"@type\":\"ListItem\",\"position\":2,\"name\":\"Skatteverket \u00f6ppnar f\u00f6r ans\u00f6kan f\u00f6r nya perioder av omst\u00e4llningsst\u00f6d\"}]},{\"@type\":\"WebSite\",\"@id\":\"https:\\\/\\\/www.mooresweden.se\\\/#website\",\"url\":\"https:\\\/\\\/www.mooresweden.se\\\/\",\"name\":\"Moore Ranby\",\"description\":\"\",\"potentialAction\":[{\"@type\":\"SearchAction\",\"target\":{\"@type\":\"EntryPoint\",\"urlTemplate\":\"https:\\\/\\\/www.mooresweden.se\\\/?s={search_term_string}\"},\"query-input\":{\"@type\":\"PropertyValueSpecification\",\"valueRequired\":true,\"valueName\":\"search_term_string\"}}],\"inLanguage\":\"en-GB\"},{\"@type\":\"Person\",\"@id\":\"https:\\\/\\\/www.mooresweden.se\\\/#\\\/schema\\\/person\\\/5b1d4e955219df756cac8f4bc0f0b776\",\"name\":\"maxspoonerblind\",\"image\":{\"@type\":\"ImageObject\",\"inLanguage\":\"en-GB\",\"@id\":\"https:\\\/\\\/secure.gravatar.com\\\/avatar\\\/1e408e61fa2245f0c76b6c466b5d5f5987b00db766ffd0b1395f8ea179be39ee?s=96&d=mm&r=g\",\"url\":\"https:\\\/\\\/secure.gravatar.com\\\/avatar\\\/1e408e61fa2245f0c76b6c466b5d5f5987b00db766ffd0b1395f8ea179be39ee?s=96&d=mm&r=g\",\"contentUrl\":\"https:\\\/\\\/secure.gravatar.com\\\/avatar\\\/1e408e61fa2245f0c76b6c466b5d5f5987b00db766ffd0b1395f8ea179be39ee?s=96&d=mm&r=g\",\"caption\":\"maxspoonerblind\"},\"url\":\"https:\\\/\\\/www.mooresweden.se\\\/en\\\/author\\\/maxspoonerblind\\\/\"}]}<\/script>\n<!-- \/ Yoast SEO plugin. -->","yoast_head_json":{"title":"The Swedish Tax Agency opens applications for new periods of transition support - Moore Ranby","description":"On 25 February, the Swedish Tax Agency will open the possibility to apply for transition support for the period August to December 2020. For the period January to February, the application will open on 1 March.","robots":{"index":"index","follow":"follow","max-snippet":"max-snippet:-1","max-image-preview":"max-image-preview:large","max-video-preview":"max-video-preview:-1"},"canonical":"https:\/\/www.mooresweden.se\/en\/the-swedish-tax-agency-opens-for-applications-for-new-periods\/","og_locale":"en_GB","og_type":"article","og_title":"Skatteverket \u00f6ppnar f\u00f6r ans\u00f6kan f\u00f6r nya perioder av omst\u00e4llningsst\u00f6d","og_description":"25 februari \u00f6ppnar Skatteverket m\u00f6jligheten att s\u00f6ka omst\u00e4llningsst\u00f6d f\u00f6r perioden augusti till december 2020. F\u00f6r perioden januari till februari \u00f6ppnar ans\u00f6kan 1 mars.","og_url":"https:\/\/www.mooresweden.se\/en\/the-swedish-tax-agency-opens-for-applications-for-new-periods\/","og_site_name":"Moore Ranby","article_published_time":"2021-02-25T00:00:00+00:00","author":"maxspoonerblind","twitter_card":"summary_large_image","twitter_misc":{"Written by":"maxspoonerblind","Est. reading time":"1 minute"},"schema":{"@context":"https:\/\/schema.org","@graph":[{"@type":"Article","@id":"https:\/\/www.mooresweden.se\/skatteverket-oppnar-for-ansokan-for-nya-perioder-a\/#article","isPartOf":{"@id":"https:\/\/www.mooresweden.se\/skatteverket-oppnar-for-ansokan-for-nya-perioder-a\/"},"author":{"name":"maxspoonerblind","@id":"https:\/\/www.mooresweden.se\/#\/schema\/person\/5b1d4e955219df756cac8f4bc0f0b776"},"headline":"Skatteverket \u00f6ppnar f\u00f6r ans\u00f6kan f\u00f6r nya perioder av omst\u00e4llningsst\u00f6d","datePublished":"2021-02-25T00:00:00+00:00","mainEntityOfPage":{"@id":"https:\/\/www.mooresweden.se\/skatteverket-oppnar-for-ansokan-for-nya-perioder-a\/"},"wordCount":184,"commentCount":0,"articleSection":["MOORE Sweden"],"inLanguage":"en-GB","potentialAction":[{"@type":"CommentAction","name":"Comment","target":["https:\/\/www.mooresweden.se\/skatteverket-oppnar-for-ansokan-for-nya-perioder-a\/#respond"]}]},{"@type":"WebPage","@id":"https:\/\/www.mooresweden.se\/skatteverket-oppnar-for-ansokan-for-nya-perioder-a\/","url":"https:\/\/www.mooresweden.se\/skatteverket-oppnar-for-ansokan-for-nya-perioder-a\/","name":"The Swedish Tax Agency opens applications for new periods of transition support - Moore Ranby","isPartOf":{"@id":"https:\/\/www.mooresweden.se\/#website"},"datePublished":"2021-02-25T00:00:00+00:00","author":{"@id":"https:\/\/www.mooresweden.se\/#\/schema\/person\/5b1d4e955219df756cac8f4bc0f0b776"},"description":"On 25 February, the Swedish Tax Agency will open the possibility to apply for transition support for the period August to December 2020. For the period January to February, the application will open on 1 March.","breadcrumb":{"@id":"https:\/\/www.mooresweden.se\/skatteverket-oppnar-for-ansokan-for-nya-perioder-a\/#breadcrumb"},"inLanguage":"en-GB","potentialAction":[{"@type":"ReadAction","target":["https:\/\/www.mooresweden.se\/skatteverket-oppnar-for-ansokan-for-nya-perioder-a\/"]}]},{"@type":"BreadcrumbList","@id":"https:\/\/www.mooresweden.se\/skatteverket-oppnar-for-ansokan-for-nya-perioder-a\/#breadcrumb","itemListElement":[{"@type":"ListItem","position":1,"name":"Home","item":"https:\/\/www.mooresweden.se\/"},{"@type":"ListItem","position":2,"name":"Skatteverket \u00f6ppnar f\u00f6r ans\u00f6kan f\u00f6r nya perioder av omst\u00e4llningsst\u00f6d"}]},{"@type":"WebSite","@id":"https:\/\/www.mooresweden.se\/#website","url":"https:\/\/www.mooresweden.se\/","name":"Ranby Moore","description":"","potentialAction":[{"@type":"SearchAction","target":{"@type":"EntryPoint","urlTemplate":"https:\/\/www.mooresweden.se\/?s={search_term_string}"},"query-input":{"@type":"PropertyValueSpecification","valueRequired":true,"valueName":"search_term_string"}}],"inLanguage":"en-GB"},{"@type":"Person","@id":"https:\/\/www.mooresweden.se\/#\/schema\/person\/5b1d4e955219df756cac8f4bc0f0b776","name":"maxspoonerblind","image":{"@type":"ImageObject","inLanguage":"en-GB","@id":"https:\/\/secure.gravatar.com\/avatar\/1e408e61fa2245f0c76b6c466b5d5f5987b00db766ffd0b1395f8ea179be39ee?s=96&d=mm&r=g","url":"https:\/\/secure.gravatar.com\/avatar\/1e408e61fa2245f0c76b6c466b5d5f5987b00db766ffd0b1395f8ea179be39ee?s=96&d=mm&r=g","contentUrl":"https:\/\/secure.gravatar.com\/avatar\/1e408e61fa2245f0c76b6c466b5d5f5987b00db766ffd0b1395f8ea179be39ee?s=96&d=mm&r=g","caption":"maxspoonerblind"},"url":"https:\/\/www.mooresweden.se\/en\/author\/maxspoonerblind\/"}]}},"_links":{"self":[{"href":"https:\/\/www.mooresweden.se\/en\/wp-json\/wp\/v2\/posts\/879","targetHints":{"allow":["GET"]}}],"collection":[{"href":"https:\/\/www.mooresweden.se\/en\/wp-json\/wp\/v2\/posts"}],"about":[{"href":"https:\/\/www.mooresweden.se\/en\/wp-json\/wp\/v2\/types\/post"}],"author":[{"embeddable":true,"href":"https:\/\/www.mooresweden.se\/en\/wp-json\/wp\/v2\/users\/3"}],"replies":[{"embeddable":true,"href":"https:\/\/www.mooresweden.se\/en\/wp-json\/wp\/v2\/comments?post=879"}],"version-history":[{"count":0,"href":"https:\/\/www.mooresweden.se\/en\/wp-json\/wp\/v2\/posts\/879\/revisions"}],"wp:attachment":[{"href":"https:\/\/www.mooresweden.se\/en\/wp-json\/wp\/v2\/media?parent=879"}],"wp:term":[{"taxonomy":"category","embeddable":true,"href":"https:\/\/www.mooresweden.se\/en\/wp-json\/wp\/v2\/categories?post=879"},{"taxonomy":"post_tag","embeddable":true,"href":"https:\/\/www.mooresweden.se\/en\/wp-json\/wp\/v2\/tags?post=879"},{"taxonomy":"location","embeddable":true,"href":"https:\/\/www.mooresweden.se\/en\/wp-json\/wp\/v2\/location?post=879"}],"curies":[{"name":"wp","href":"https:\/\/api.w.org\/{rel}","templated":true}]}}