{"id":902,"date":"2017-05-15T00:00:00","date_gmt":"2017-05-15T00:00:00","guid":{"rendered":"https:\/\/moore-sweeden-ranby.eu3.moore-global.com\/beslut-om-uppgifter-pa-individniva-i-arbetsgivarde\/"},"modified":"2017-05-15T00:00:00","modified_gmt":"2017-05-15T00:00:00","slug":"beslut-om-uppgifter-pa-individniva-i-arbetsgivarde","status":"publish","type":"post","link":"https:\/\/www.mooresweden.se\/en\/beslut-om-uppgifter-pa-individniva-i-arbetsgivarde\/","title":{"rendered":"Decisions on individual-level information in the employer's declaration"},"content":{"rendered":"<p><strong>Background<\/strong><br \/>\nUnder 2016 l\u00e4mnade regeringen en proposition med f\u00f6rslag om nytt s\u00e4tt att l\u00e4mna uppgift om anst\u00e4lldas l\u00f6ner och skatter.<\/p>\n<p>Nu har riksdagen sagt ja till regeringens f\u00f6rslag.<\/p>\n<p><strong>The rules in brief<\/strong><br \/>\nReglerna inneb\u00e4r i korthet att uppgifter om utbetalda ers\u00e4ttningar f\u00f6r arbete och skatteavdrag ska l\u00e4mnas p\u00e5 individniv\u00e5, l\u00f6pande till Skatteverket. Uppgifterna ska normalt l\u00e4mnas m\u00e5nadsvis i en arbetsgivardeklaration i st\u00e4llet f\u00f6r \u00e5rligen i en kontrolluppgift. Syftet \u00e4r fr\u00e4mst att minska skattefusk och skatteundandragande.<\/p>\n<p><strong>Entry into force<\/strong><br \/>\nMerparten av reglerna tr\u00e4der ikraft den 1 juli 2018. Arbetsgivare som \u00e4r skyldiga att f\u00f6ra en personalliggare och som har fler \u00e4n 15 anst\u00e4llda ska b\u00f6rja l\u00e4mna uppgifter p\u00e5 individniv\u00e5 fr\u00e5n och med den 1 juli 2018.\u00a0<\/p>\n<p>Alla \u00f6vriga arbetsgivare ska b\u00f6rja l\u00e4mna de nya arbetsgivardeklarationerna fr\u00e5n och med den 1 januari 2019.<br \/>\n\u00a0<br \/>\n<em>Source: Wolters Kluwer \u2013 Tax Information<\/em><br \/>\n\u00a0<\/p>","protected":false},"excerpt":{"rendered":"<p>Bakgrund Under 2016 l\u00e4mnade regeringen en proposition med f\u00f6rslag om nytt s\u00e4tt att l\u00e4mna uppgift om anst\u00e4lldas l\u00f6ner och skatter. Nu har riksdagen sagt ja till regeringens f\u00f6rslag. Reglerna i korthet Reglerna inneb\u00e4r i korthet att uppgifter om utbetalda ers\u00e4ttningar f\u00f6r arbete och skatteavdrag ska l\u00e4mnas p\u00e5 individniv\u00e5, l\u00f6pande till Skatteverket. Uppgifterna ska normalt l\u00e4mnas [&hellip;]<\/p>\n","protected":false},"author":3,"featured_media":0,"comment_status":"open","ping_status":"open","sticky":false,"template":"","format":"standard","meta":{"_acf_changed":false,"footnotes":""},"categories":[1],"tags":[],"location":[],"class_list":["post-902","post","type-post","status-publish","format-standard","hentry","category-moore-sweden"],"acf":[],"yoast_head":"<!-- This site is optimized with the Yoast SEO plugin v27.3 - https:\/\/yoast.com\/product\/yoast-seo-wordpress\/ -->\n<title>Beslut om uppgifter p\u00e5 individniv\u00e5 i arbetsgivardeklarationen - Moore Ranby<\/title>\n<meta name=\"description\" content=\"Riksdagen har beslutat att inf\u00f6ra ett nytt system f\u00f6r uppgifter om anst\u00e4lldas l\u00f6ner och skatter. Uppgifter ska l\u00e4mnas m\u00e5nadsvis p\u00e5 individniv\u00e5 i st\u00e4llet f\u00f6r en g\u00e5ng om \u00e5ret i en kontrolluppgift. \u00a0\" \/>\n<meta name=\"robots\" content=\"index, follow, max-snippet:-1, max-image-preview:large, max-video-preview:-1\" \/>\n<link rel=\"canonical\" href=\"https:\/\/www.mooresweden.se\/en\/beslut-om-uppgifter-pa-individniva-i-arbetsgivarde\/\" \/>\n<meta property=\"og:locale\" content=\"en_GB\" \/>\n<meta property=\"og:type\" content=\"article\" \/>\n<meta property=\"og:title\" content=\"Beslut om uppgifter p\u00e5 individniv\u00e5 i arbetsgivardeklarationen\" \/>\n<meta property=\"og:description\" content=\"Riksdagen har beslutat att inf\u00f6ra ett nytt system f\u00f6r uppgifter om anst\u00e4lldas l\u00f6ner och skatter. Uppgifter ska l\u00e4mnas m\u00e5nadsvis p\u00e5 individniv\u00e5 i st\u00e4llet f\u00f6r en g\u00e5ng om \u00e5ret i en kontrolluppgift. \u00a0\" \/>\n<meta property=\"og:url\" content=\"https:\/\/www.mooresweden.se\/en\/beslut-om-uppgifter-pa-individniva-i-arbetsgivarde\/\" \/>\n<meta property=\"og:site_name\" content=\"Moore Ranby\" \/>\n<meta property=\"article:published_time\" content=\"2017-05-15T00:00:00+00:00\" \/>\n<meta name=\"author\" content=\"maxspoonerblind\" \/>\n<meta name=\"twitter:card\" content=\"summary_large_image\" \/>\n<meta name=\"twitter:label1\" content=\"Written by\" \/>\n\t<meta name=\"twitter:data1\" content=\"maxspoonerblind\" \/>\n\t<meta name=\"twitter:label2\" content=\"Est. reading time\" \/>\n\t<meta name=\"twitter:data2\" content=\"1 minute\" \/>\n<script type=\"application\/ld+json\" class=\"yoast-schema-graph\">{\"@context\":\"https:\\\/\\\/schema.org\",\"@graph\":[{\"@type\":\"Article\",\"@id\":\"https:\\\/\\\/www.mooresweden.se\\\/beslut-om-uppgifter-pa-individniva-i-arbetsgivarde\\\/#article\",\"isPartOf\":{\"@id\":\"https:\\\/\\\/www.mooresweden.se\\\/beslut-om-uppgifter-pa-individniva-i-arbetsgivarde\\\/\"},\"author\":{\"name\":\"maxspoonerblind\",\"@id\":\"https:\\\/\\\/www.mooresweden.se\\\/#\\\/schema\\\/person\\\/5b1d4e955219df756cac8f4bc0f0b776\"},\"headline\":\"Beslut om uppgifter p\u00e5 individniv\u00e5 i arbetsgivardeklarationen\",\"datePublished\":\"2017-05-15T00:00:00+00:00\",\"mainEntityOfPage\":{\"@id\":\"https:\\\/\\\/www.mooresweden.se\\\/beslut-om-uppgifter-pa-individniva-i-arbetsgivarde\\\/\"},\"wordCount\":160,\"commentCount\":0,\"articleSection\":[\"MOORE Sweden\"],\"inLanguage\":\"en-GB\",\"potentialAction\":[{\"@type\":\"CommentAction\",\"name\":\"Comment\",\"target\":[\"https:\\\/\\\/www.mooresweden.se\\\/beslut-om-uppgifter-pa-individniva-i-arbetsgivarde\\\/#respond\"]}]},{\"@type\":\"WebPage\",\"@id\":\"https:\\\/\\\/www.mooresweden.se\\\/beslut-om-uppgifter-pa-individniva-i-arbetsgivarde\\\/\",\"url\":\"https:\\\/\\\/www.mooresweden.se\\\/beslut-om-uppgifter-pa-individniva-i-arbetsgivarde\\\/\",\"name\":\"Beslut om uppgifter p\u00e5 individniv\u00e5 i arbetsgivardeklarationen - Moore Ranby\",\"isPartOf\":{\"@id\":\"https:\\\/\\\/www.mooresweden.se\\\/#website\"},\"datePublished\":\"2017-05-15T00:00:00+00:00\",\"author\":{\"@id\":\"https:\\\/\\\/www.mooresweden.se\\\/#\\\/schema\\\/person\\\/5b1d4e955219df756cac8f4bc0f0b776\"},\"description\":\"Riksdagen har beslutat att inf\u00f6ra ett nytt system f\u00f6r uppgifter om anst\u00e4lldas l\u00f6ner och skatter. Uppgifter ska l\u00e4mnas m\u00e5nadsvis p\u00e5 individniv\u00e5 i st\u00e4llet f\u00f6r en g\u00e5ng om \u00e5ret i en kontrolluppgift. \u00a0\",\"breadcrumb\":{\"@id\":\"https:\\\/\\\/www.mooresweden.se\\\/beslut-om-uppgifter-pa-individniva-i-arbetsgivarde\\\/#breadcrumb\"},\"inLanguage\":\"en-GB\",\"potentialAction\":[{\"@type\":\"ReadAction\",\"target\":[\"https:\\\/\\\/www.mooresweden.se\\\/beslut-om-uppgifter-pa-individniva-i-arbetsgivarde\\\/\"]}]},{\"@type\":\"BreadcrumbList\",\"@id\":\"https:\\\/\\\/www.mooresweden.se\\\/beslut-om-uppgifter-pa-individniva-i-arbetsgivarde\\\/#breadcrumb\",\"itemListElement\":[{\"@type\":\"ListItem\",\"position\":1,\"name\":\"Home\",\"item\":\"https:\\\/\\\/www.mooresweden.se\\\/\"},{\"@type\":\"ListItem\",\"position\":2,\"name\":\"Beslut om uppgifter p\u00e5 individniv\u00e5 i arbetsgivardeklarationen\"}]},{\"@type\":\"WebSite\",\"@id\":\"https:\\\/\\\/www.mooresweden.se\\\/#website\",\"url\":\"https:\\\/\\\/www.mooresweden.se\\\/\",\"name\":\"Moore Ranby\",\"description\":\"\",\"potentialAction\":[{\"@type\":\"SearchAction\",\"target\":{\"@type\":\"EntryPoint\",\"urlTemplate\":\"https:\\\/\\\/www.mooresweden.se\\\/?s={search_term_string}\"},\"query-input\":{\"@type\":\"PropertyValueSpecification\",\"valueRequired\":true,\"valueName\":\"search_term_string\"}}],\"inLanguage\":\"en-GB\"},{\"@type\":\"Person\",\"@id\":\"https:\\\/\\\/www.mooresweden.se\\\/#\\\/schema\\\/person\\\/5b1d4e955219df756cac8f4bc0f0b776\",\"name\":\"maxspoonerblind\",\"image\":{\"@type\":\"ImageObject\",\"inLanguage\":\"en-GB\",\"@id\":\"https:\\\/\\\/secure.gravatar.com\\\/avatar\\\/1e408e61fa2245f0c76b6c466b5d5f5987b00db766ffd0b1395f8ea179be39ee?s=96&d=mm&r=g\",\"url\":\"https:\\\/\\\/secure.gravatar.com\\\/avatar\\\/1e408e61fa2245f0c76b6c466b5d5f5987b00db766ffd0b1395f8ea179be39ee?s=96&d=mm&r=g\",\"contentUrl\":\"https:\\\/\\\/secure.gravatar.com\\\/avatar\\\/1e408e61fa2245f0c76b6c466b5d5f5987b00db766ffd0b1395f8ea179be39ee?s=96&d=mm&r=g\",\"caption\":\"maxspoonerblind\"},\"url\":\"https:\\\/\\\/www.mooresweden.se\\\/en\\\/author\\\/maxspoonerblind\\\/\"}]}<\/script>\n<!-- \/ Yoast SEO plugin. -->","yoast_head_json":{"title":"Beslut om uppgifter p\u00e5 individniv\u00e5 i arbetsgivardeklarationen - Moore Ranby","description":"Riksdagen har beslutat att inf\u00f6ra ett nytt system f\u00f6r uppgifter om anst\u00e4lldas l\u00f6ner och skatter. Uppgifter ska l\u00e4mnas m\u00e5nadsvis p\u00e5 individniv\u00e5 i st\u00e4llet f\u00f6r en g\u00e5ng om \u00e5ret i en kontrolluppgift. \u00a0","robots":{"index":"index","follow":"follow","max-snippet":"max-snippet:-1","max-image-preview":"max-image-preview:large","max-video-preview":"max-video-preview:-1"},"canonical":"https:\/\/www.mooresweden.se\/en\/beslut-om-uppgifter-pa-individniva-i-arbetsgivarde\/","og_locale":"en_GB","og_type":"article","og_title":"Beslut om uppgifter p\u00e5 individniv\u00e5 i arbetsgivardeklarationen","og_description":"Riksdagen har beslutat att inf\u00f6ra ett nytt system f\u00f6r uppgifter om anst\u00e4lldas l\u00f6ner och skatter. Uppgifter ska l\u00e4mnas m\u00e5nadsvis p\u00e5 individniv\u00e5 i st\u00e4llet f\u00f6r en g\u00e5ng om \u00e5ret i en kontrolluppgift. \u00a0","og_url":"https:\/\/www.mooresweden.se\/en\/beslut-om-uppgifter-pa-individniva-i-arbetsgivarde\/","og_site_name":"Moore Ranby","article_published_time":"2017-05-15T00:00:00+00:00","author":"maxspoonerblind","twitter_card":"summary_large_image","twitter_misc":{"Written by":"maxspoonerblind","Est. reading time":"1 minute"},"schema":{"@context":"https:\/\/schema.org","@graph":[{"@type":"Article","@id":"https:\/\/www.mooresweden.se\/beslut-om-uppgifter-pa-individniva-i-arbetsgivarde\/#article","isPartOf":{"@id":"https:\/\/www.mooresweden.se\/beslut-om-uppgifter-pa-individniva-i-arbetsgivarde\/"},"author":{"name":"maxspoonerblind","@id":"https:\/\/www.mooresweden.se\/#\/schema\/person\/5b1d4e955219df756cac8f4bc0f0b776"},"headline":"Beslut om uppgifter p\u00e5 individniv\u00e5 i arbetsgivardeklarationen","datePublished":"2017-05-15T00:00:00+00:00","mainEntityOfPage":{"@id":"https:\/\/www.mooresweden.se\/beslut-om-uppgifter-pa-individniva-i-arbetsgivarde\/"},"wordCount":160,"commentCount":0,"articleSection":["MOORE Sweden"],"inLanguage":"en-GB","potentialAction":[{"@type":"CommentAction","name":"Comment","target":["https:\/\/www.mooresweden.se\/beslut-om-uppgifter-pa-individniva-i-arbetsgivarde\/#respond"]}]},{"@type":"WebPage","@id":"https:\/\/www.mooresweden.se\/beslut-om-uppgifter-pa-individniva-i-arbetsgivarde\/","url":"https:\/\/www.mooresweden.se\/beslut-om-uppgifter-pa-individniva-i-arbetsgivarde\/","name":"Beslut om uppgifter p\u00e5 individniv\u00e5 i arbetsgivardeklarationen - Moore Ranby","isPartOf":{"@id":"https:\/\/www.mooresweden.se\/#website"},"datePublished":"2017-05-15T00:00:00+00:00","author":{"@id":"https:\/\/www.mooresweden.se\/#\/schema\/person\/5b1d4e955219df756cac8f4bc0f0b776"},"description":"Riksdagen har beslutat att inf\u00f6ra ett nytt system f\u00f6r uppgifter om anst\u00e4lldas l\u00f6ner och skatter. Uppgifter ska l\u00e4mnas m\u00e5nadsvis p\u00e5 individniv\u00e5 i st\u00e4llet f\u00f6r en g\u00e5ng om \u00e5ret i en kontrolluppgift. \u00a0","breadcrumb":{"@id":"https:\/\/www.mooresweden.se\/beslut-om-uppgifter-pa-individniva-i-arbetsgivarde\/#breadcrumb"},"inLanguage":"en-GB","potentialAction":[{"@type":"ReadAction","target":["https:\/\/www.mooresweden.se\/beslut-om-uppgifter-pa-individniva-i-arbetsgivarde\/"]}]},{"@type":"BreadcrumbList","@id":"https:\/\/www.mooresweden.se\/beslut-om-uppgifter-pa-individniva-i-arbetsgivarde\/#breadcrumb","itemListElement":[{"@type":"ListItem","position":1,"name":"Home","item":"https:\/\/www.mooresweden.se\/"},{"@type":"ListItem","position":2,"name":"Beslut om uppgifter p\u00e5 individniv\u00e5 i arbetsgivardeklarationen"}]},{"@type":"WebSite","@id":"https:\/\/www.mooresweden.se\/#website","url":"https:\/\/www.mooresweden.se\/","name":"Ranby Moore","description":"","potentialAction":[{"@type":"SearchAction","target":{"@type":"EntryPoint","urlTemplate":"https:\/\/www.mooresweden.se\/?s={search_term_string}"},"query-input":{"@type":"PropertyValueSpecification","valueRequired":true,"valueName":"search_term_string"}}],"inLanguage":"en-GB"},{"@type":"Person","@id":"https:\/\/www.mooresweden.se\/#\/schema\/person\/5b1d4e955219df756cac8f4bc0f0b776","name":"maxspoonerblind","image":{"@type":"ImageObject","inLanguage":"en-GB","@id":"https:\/\/secure.gravatar.com\/avatar\/1e408e61fa2245f0c76b6c466b5d5f5987b00db766ffd0b1395f8ea179be39ee?s=96&d=mm&r=g","url":"https:\/\/secure.gravatar.com\/avatar\/1e408e61fa2245f0c76b6c466b5d5f5987b00db766ffd0b1395f8ea179be39ee?s=96&d=mm&r=g","contentUrl":"https:\/\/secure.gravatar.com\/avatar\/1e408e61fa2245f0c76b6c466b5d5f5987b00db766ffd0b1395f8ea179be39ee?s=96&d=mm&r=g","caption":"maxspoonerblind"},"url":"https:\/\/www.mooresweden.se\/en\/author\/maxspoonerblind\/"}]}},"_links":{"self":[{"href":"https:\/\/www.mooresweden.se\/en\/wp-json\/wp\/v2\/posts\/902","targetHints":{"allow":["GET"]}}],"collection":[{"href":"https:\/\/www.mooresweden.se\/en\/wp-json\/wp\/v2\/posts"}],"about":[{"href":"https:\/\/www.mooresweden.se\/en\/wp-json\/wp\/v2\/types\/post"}],"author":[{"embeddable":true,"href":"https:\/\/www.mooresweden.se\/en\/wp-json\/wp\/v2\/users\/3"}],"replies":[{"embeddable":true,"href":"https:\/\/www.mooresweden.se\/en\/wp-json\/wp\/v2\/comments?post=902"}],"version-history":[{"count":0,"href":"https:\/\/www.mooresweden.se\/en\/wp-json\/wp\/v2\/posts\/902\/revisions"}],"wp:attachment":[{"href":"https:\/\/www.mooresweden.se\/en\/wp-json\/wp\/v2\/media?parent=902"}],"wp:term":[{"taxonomy":"category","embeddable":true,"href":"https:\/\/www.mooresweden.se\/en\/wp-json\/wp\/v2\/categories?post=902"},{"taxonomy":"post_tag","embeddable":true,"href":"https:\/\/www.mooresweden.se\/en\/wp-json\/wp\/v2\/tags?post=902"},{"taxonomy":"location","embeddable":true,"href":"https:\/\/www.mooresweden.se\/en\/wp-json\/wp\/v2\/location?post=902"}],"curies":[{"name":"wp","href":"https:\/\/api.w.org\/{rel}","templated":true}]}}