{"id":905,"date":"2018-05-22T00:00:00","date_gmt":"2018-05-22T00:00:00","guid":{"rendered":"https:\/\/moore-sweeden-ranby.eu3.moore-global.com\/sankt-bolagsskatt-for-alla-begransningar-av-rant-2\/"},"modified":"2018-05-22T00:00:00","modified_gmt":"2018-05-22T00:00:00","slug":"sankt-bolagsskatt-for-alla-begransningar-av-rant-2","status":"publish","type":"post","link":"https:\/\/www.mooresweden.se\/en\/sankt-bolagsskatt-for-alla-begransningar-av-rant-2\/","title":{"rendered":"Lower corporation tax for everyone \u2013 limitations on interest deductions for a few"},"content":{"rendered":"<p><strong>Background<\/strong><br \/>\nRegeringens f\u00f6rslag till ny f\u00f6retagsbeskattning f\u00f6r att motverka aggressiv skatteplanering kommer i f\u00f6rsta hand att ber\u00f6ra st\u00f6rre f\u00f6retag medan andra delar av f\u00f6rslaget kommer att ber\u00f6ra samtliga juridiska personer.<\/p>\n<p>I den h\u00e4r artikeln redog\u00f6r vi f\u00f6r de delar av f\u00f6rslaget som kommer att g\u00e4lla generellt f\u00f6r samtliga juridiska personer.<br \/>\n<strong>S\u00e4nkning av bolagsskatten<\/strong><br \/>\nRegeringen menar att \u00e4ndringarna i den aktuella propositionen ger utrymme f\u00f6r att s\u00e4nka bolagsskatten fr\u00e5n 22 procent till 20,6 procent. S\u00e4nkningen genomf\u00f6rs dock i tv\u00e5 steg. F\u00f6r beskattnings\u00e5r som b\u00f6rjar efter den 31 december 2018 men f\u00f6re 1 januari 2021 ska bolagsskatten vara 21,4 procent och d\u00e4refter s\u00e4nks den till 20,6 procent.<\/p>\n<p>\u00c4ven expansionsfondsskatten s\u00e4nks i motsvarande m\u00e5n till 20,6 procent f\u00f6r beskattnings\u00e5r som b\u00f6rjar efter den 31 december 2020. Fram till dess ligger den kvar p\u00e5 22 procent.<br \/>\n<strong>Schablonint\u00e4kt f\u00f6r periodiseringsfonder<\/strong><br \/>\nSchablonint\u00e4kten f\u00f6r periodiseringsfonder f\u00f6resl\u00e5s h\u00f6jas fr\u00e5n 72 procent av statsl\u00e5ner\u00e4ntan multiplicerat med summan av gjorda avdrag till hela statsl\u00e5ner\u00e4ntan.<\/p>\n<p>Dessutom f\u00f6resl\u00e5s att avs\u00e4ttningar som har gjorts f\u00f6re s\u00e4nkningen av bolagsskatten ska \u00e5terf\u00f6ras med en h\u00f6gre niv\u00e5. Avdrag f\u00f6r avs\u00e4ttning till periodiseringsfond som har gjorts till en bolagsskatt p\u00e5 22 procent ska \u00e5terf\u00f6ras med 103 procent av avdraget f\u00f6r juridiska personer som g\u00f6r \u00e5terf\u00f6ringen f\u00f6re 2021 och med 106 procent av avdraget om \u00e5terf\u00f6ringen g\u00f6rs senare.<\/p>\n<p>F\u00f6r avdrag som g\u00f6rs till bolagsskatten 21,4 procent ska \u00e5terf\u00f6ringen g\u00f6ras med 104 procent av avdraget efter 2021.<br \/>\n<strong>Ingen begr\u00e4nsning av underskottsavdrag<\/strong><br \/>\nI promemorian f\u00f6reslogs en tillf\u00e4llig begr\u00e4nsning f\u00f6r juridiska personers avdrag f\u00f6r tidigare \u00e5rs underskott. Regeringen g\u00e5r inte vidare med det f\u00f6rslaget.<br \/>\n<strong>R\u00e4nta enligt nya regler<\/strong><br \/>\nBegreppet r\u00e4nta utvidgas till att omfatta f\u00f6rutom utgifter f\u00f6r kredit \u00e4ven utgifter som \u00e4r j\u00e4mf\u00f6rbara med r\u00e4nta. Regler om r\u00e4nta vid finansiella leasingavtal omfattar dock enbart juridiska personer och handelsbolag som \u00e4gs av juridiska personer. En ytterligare f\u00f6ruts\u00e4ttning f\u00f6r att r\u00e4ntedelen av leasingavgiften ska behandlas som r\u00e4nta \u00e4r att de sammanlagda leasingavgifter som f\u00f6retag inom samma intressegemenskap har f\u00f6r finansiella leasingavtal \u00f6verstiger en miljon kronor f\u00f6r beskattnings\u00e5ret.<\/p>\n<p>R\u00e4nteutgifter ska inte r\u00e4knas in i anskaffningsv\u00e4rdet f\u00f6r lager, byggnader, markanl\u00e4ggningar och inventarier. H\u00e4r omfattas \u00e4ven immateriella anl\u00e4ggningstillg\u00e5ngar som upparbetats i den egna n\u00e4ringsverksamheten.<br \/>\n<strong>Bakgrund till nya regler om r\u00e4nteavdragsbegr\u00e4nsningar<\/strong><br \/>\nUnder v\u00e5ren 2013 p\u00e5b\u00f6rjade OECD ett arbete f\u00f6r att komma till r\u00e4tta med aggressiv skatteplanering. Tv\u00e5 \u00e5r senare publicerades 13 rapporter och ett sammanfattande dokument som tillsammans utg\u00f6r det s\u00e5 kallade BEPS-paketet. Det inneh\u00e5ller bland annat en generell begr\u00e4nsning av avdrag f\u00f6r negativa r\u00e4ntenetton och \u00e5tg\u00e4rder mot skatteplanering f\u00f6r hybrider.<\/p>\n<p>Europeiska r\u00e5det antog sommaren 2016 ett direktiv mot skatteundandragande baserat p\u00e5 BEPS. Direktivet ska vara genomf\u00f6rt i medlemsl\u00e4nderna till den 1 januari 2019.<\/p>\n<p>I Sverige inf\u00f6rdes redan 2009 begr\u00e4nsningar i avdragsr\u00e4tten f\u00f6r utgiftsr\u00e4ntor vid internt finansierade aktief\u00f6rv\u00e4rv fr\u00e5n f\u00f6retag i intressegemenskap. Syftet med reglerna var att f\u00f6rhindra en omfattande skatteplanering med konstlade r\u00e4nteavdrag inom internationella koncerner. Reglerna utvidgades 2013 till att omfatta r\u00e4nteutgifter f\u00f6r alla skulder f\u00f6r f\u00f6retag inom en intressegemenskap. D\u00e4refter har Skatteverket kommit med st\u00e4llningstaganden och H\u00f6gsta f\u00f6rvaltningsdomstolen har avvisat en m\u00e4ngd f\u00f6rhandsbesked i \u00e4mnet.<\/p>\n<p>Reglerna om r\u00e4nteavdragsbegr\u00e4nsningar har kritiserats av EU-kommissionen och F\u00f6retagsskattekommitt\u00e9n f\u00f6reslog i sitt bet\u00e4nkande sommaren 2014 regler som inneb\u00e4r att det komplexa regelverket kan tas bort. Avsikten med nya regler \u00e4r att uppn\u00e5 en neutralitet mellan ett bolags l\u00e5nefinansierade investeringar j\u00e4mf\u00f6rt med investeringar som finansieras med eget kapital. Olikheter i l\u00e4ndernas lagstiftning har \u00e4ven gjort det m\u00f6jligt f\u00f6r f\u00f6retag i intressegemenskap med f\u00f6retag i andra l\u00e4nder att anv\u00e4nda olika finansiella instrument, \u00e4ven kallade hybrider, f\u00f6r att undkomma skatt.<\/p>\n<p>Sommaren 2017, tre \u00e5r efter F\u00f6retagsskattekommitt\u00e9ns bet\u00e4nkande, l\u00e4mnade Finansdepartementet en promemoria med f\u00f6rslag till nya skatteregler f\u00f6r f\u00f6retagssektorn. Tanken var att uppfylla direktivets krav redan till den 1 juli 2018. F\u00f6rslaget har dock f\u00e5tt omfattande kritik och propositionen har l\u00e5tit v\u00e4nta p\u00e5 sig. N\u00e4r den nu landat i maj 2018 \u00e4r avsikten att de nya reglerna ska g\u00e4lla f\u00f6rst fr\u00e5n och med den 1 januari 2019.<br \/>\n<strong>Vilka f\u00f6retag omfattas av nya r\u00e4nteavdragsbegr\u00e4nsningar?<\/strong><br \/>\nEnligt direktivet f\u00e5r en beloppsgr\u00e4ns inf\u00f6ras som inneb\u00e4r att nettor\u00e4ntan alltid f\u00e5r dras av upp till ett fastst\u00e4llt belopp p\u00e5 3.000.000 euro. I promemorian f\u00f6reslogs en svensk niv\u00e5 p\u00e5 100.000 kronor, vilket kritiserades kraftigt. Regeringen f\u00f6resl\u00e5r nu att beloppsgr\u00e4nsen best\u00e4ms till 5.000.000 kronor, som \u00e4r i niv\u00e5 med vad som g\u00e4ller i Norge och Finland. Denna s\u00e5 kallade f\u00f6renklingsregel inneb\u00e4r att majoriteten av svenska bolag inte beh\u00f6ver fastst\u00e4lla n\u00e5got avdragsunderlag (EBITDA-underlag).<\/p>\n<p>Beloppsgr\u00e4nsen g\u00e4ller sammantaget f\u00f6r f\u00f6retag som \u00e4r i intressegemenskap. Med f\u00f6retag i intressegemenskap avses i det h\u00e4r sammanhanget f\u00f6retag som ing\u00e5r i en koncern enligt 1 kap. 4 \u00a7 \u00e5rsredovisningslagen (1995:1554), \u00c5RL. F\u00f6renklat inneb\u00e4r \u00c5RL:s definition att om ett f\u00f6retag, moderf\u00f6retaget, \u00e4ger mer \u00e4n h\u00e4lften av r\u00f6sterna i en annan juridisk person, dotterf\u00f6retaget, s\u00e5 ing\u00e5r f\u00f6retagen i samma koncern. Moderbolaget kan vara ett svenskt aktiebolag eller ett svenskt handelsbolag. Dotterf\u00f6retag kan vara s\u00e5v\u00e4l bolag som annan juridisk person och s\u00e5v\u00e4l svensk som utl\u00e4ndsk. F\u00f6renklingsregeln f\u00e5r bara till\u00e4mpas om f\u00f6rdelningen av beloppet inom intressegemenskapen redovisas \u00f6ppet i deklarationen f\u00f6r ett beskattnings\u00e5r som har samma deklarationstidpunkt.<\/p>\n<p>Separat artikel med de \u00f6vriga f\u00f6reslagen kommer att publiceras. Det handlar bland annat om:<\/p>\n<p>&#8211; en generell r\u00e4nteavdragsbegr\u00e4nsning som inneb\u00e4r att negativa r\u00e4ntenetton f\u00e5r dras av med enbart 30 procent av ett skattem\u00e4ssigt EBITDA, vilket \u00e4r resultatet f\u00f6re finansiella poster, skatter och avskrivningar<br \/>\n&#8211; avdragsf\u00f6rbud f\u00f6r r\u00e4nteutgifter vid vissa gr\u00e4ns\u00f6verskridande situationer f\u00f6r f\u00f6retag i intressegemenskap i syfte att neutralisera effekterna av hybrida missmatchningar<br \/>\n&#8211; att sn\u00e4va in reglerna om riktade r\u00e4nteavdragsbegr\u00e4nsningar fr\u00e5n 2013<br \/>\n&#8211; definition av r\u00e4nta i samband med avdragsbegr\u00e4nsningarna<br \/>\n&#8211; inneb\u00f6rden av reglerna om finansiella leasingavtal<br \/>\n&#8211; prim\u00e4ravdrag vid nyproduktion av hyreshus.<br \/>\n<strong>Entry into force<\/strong><br \/>\nReglerna f\u00f6resl\u00e5s tr\u00e4da i kraft den 1 januari 2019 och till\u00e4mpas p\u00e5 beskattnings\u00e5r som b\u00f6rjar efter den 31 december 2018.<br \/>\n\u00a0<br \/>\n<em>Source: Wolters Kluwer \u2013 Tax Information<\/em><br \/>\n\u00a0<\/p>","protected":false},"excerpt":{"rendered":"<p>Bakgrund Regeringens f\u00f6rslag till ny f\u00f6retagsbeskattning f\u00f6r att motverka aggressiv skatteplanering kommer i f\u00f6rsta hand att ber\u00f6ra st\u00f6rre f\u00f6retag medan andra delar av f\u00f6rslaget kommer att ber\u00f6ra samtliga juridiska personer. I den h\u00e4r artikeln redog\u00f6r vi f\u00f6r de delar av f\u00f6rslaget som kommer att g\u00e4lla generellt f\u00f6r samtliga juridiska personer. S\u00e4nkning av bolagsskatten Regeringen menar [&hellip;]<\/p>\n","protected":false},"author":3,"featured_media":0,"comment_status":"open","ping_status":"open","sticky":false,"template":"","format":"standard","meta":{"_acf_changed":false,"footnotes":""},"categories":[1],"tags":[],"location":[],"class_list":["post-905","post","type-post","status-publish","format-standard","hentry","category-moore-sweden"],"acf":[],"yoast_head":"<!-- This site is optimized with the Yoast SEO plugin v27.3 - https:\/\/yoast.com\/product\/yoast-seo-wordpress\/ -->\n<title>S\u00e4nkt bolagsskatt f\u00f6r alla \u2013 begr\u00e4nsningar av r\u00e4nteavdrag f\u00f6r ett f\u00e5tal - Moore Ranby<\/title>\n<meta name=\"description\" content=\"I b\u00f6rjan av maj l\u00e4mnade till slut regeringen det slutliga f\u00f6rslaget till ny f\u00f6retagsbeskattning. Det synes vara regeringens ambition att enbart de st\u00f6rre f\u00f6retagen ska omfattas av nya r\u00e4nteavdragsbegr\u00e4nsningar \u2013 negativa r\u00e4ntenetton upp till fem miljoner kronor \u00e4r fortsatt avdragsgilla. I denna artikel tittar vi p\u00e5 hur f\u00f6rslaget p\u00e5verkar de f\u00f6retag som ligger under denna niv\u00e5. Vi \u00e5terkommer i en separat artikel med inneb\u00f6rden av r\u00e4nteavdragsbegr\u00e4nsningarna f\u00f6r de f\u00f6retag som omfattas av den delen av f\u00f6rslaget. Nya regler f\u00f6resl\u00e5s tr\u00e4da i kraft den 1 januari 2019. \u00a0\" \/>\n<meta name=\"robots\" content=\"index, follow, max-snippet:-1, max-image-preview:large, max-video-preview:-1\" \/>\n<link rel=\"canonical\" href=\"https:\/\/www.mooresweden.se\/en\/sankt-bolagsskatt-for-alla-begransningar-av-rant-2\/\" \/>\n<meta property=\"og:locale\" content=\"en_GB\" \/>\n<meta property=\"og:type\" content=\"article\" \/>\n<meta property=\"og:title\" content=\"S\u00e4nkt bolagsskatt f\u00f6r alla \u2013 begr\u00e4nsningar av r\u00e4nteavdrag f\u00f6r ett f\u00e5tal\" \/>\n<meta property=\"og:description\" content=\"I b\u00f6rjan av maj l\u00e4mnade till slut regeringen det slutliga f\u00f6rslaget till ny f\u00f6retagsbeskattning. Det synes vara regeringens ambition att enbart de st\u00f6rre f\u00f6retagen ska omfattas av nya r\u00e4nteavdragsbegr\u00e4nsningar \u2013 negativa r\u00e4ntenetton upp till fem miljoner kronor \u00e4r fortsatt avdragsgilla. I denna artikel tittar vi p\u00e5 hur f\u00f6rslaget p\u00e5verkar de f\u00f6retag som ligger under denna niv\u00e5. Vi \u00e5terkommer i en separat artikel med inneb\u00f6rden av r\u00e4nteavdragsbegr\u00e4nsningarna f\u00f6r de f\u00f6retag som omfattas av den delen av f\u00f6rslaget. Nya regler f\u00f6resl\u00e5s tr\u00e4da i kraft den 1 januari 2019. \u00a0\" \/>\n<meta property=\"og:url\" content=\"https:\/\/www.mooresweden.se\/en\/sankt-bolagsskatt-for-alla-begransningar-av-rant-2\/\" \/>\n<meta property=\"og:site_name\" content=\"Moore Ranby\" \/>\n<meta property=\"article:published_time\" content=\"2018-05-22T00:00:00+00:00\" \/>\n<meta name=\"author\" content=\"maxspoonerblind\" \/>\n<meta name=\"twitter:card\" content=\"summary_large_image\" \/>\n<meta name=\"twitter:label1\" content=\"Written by\" \/>\n\t<meta name=\"twitter:data1\" content=\"maxspoonerblind\" \/>\n\t<meta name=\"twitter:label2\" content=\"Est. reading time\" \/>\n\t<meta name=\"twitter:data2\" content=\"6 minutes\" \/>\n<script type=\"application\/ld+json\" class=\"yoast-schema-graph\">{\"@context\":\"https:\\\/\\\/schema.org\",\"@graph\":[{\"@type\":\"Article\",\"@id\":\"https:\\\/\\\/www.mooresweden.se\\\/sankt-bolagsskatt-for-alla-begransningar-av-rant-2\\\/#article\",\"isPartOf\":{\"@id\":\"https:\\\/\\\/www.mooresweden.se\\\/sankt-bolagsskatt-for-alla-begransningar-av-rant-2\\\/\"},\"author\":{\"name\":\"maxspoonerblind\",\"@id\":\"https:\\\/\\\/www.mooresweden.se\\\/#\\\/schema\\\/person\\\/5b1d4e955219df756cac8f4bc0f0b776\"},\"headline\":\"S\u00e4nkt bolagsskatt f\u00f6r alla \u2013 begr\u00e4nsningar av r\u00e4nteavdrag f\u00f6r ett f\u00e5tal\",\"datePublished\":\"2018-05-22T00:00:00+00:00\",\"mainEntityOfPage\":{\"@id\":\"https:\\\/\\\/www.mooresweden.se\\\/sankt-bolagsskatt-for-alla-begransningar-av-rant-2\\\/\"},\"wordCount\":1155,\"commentCount\":0,\"articleSection\":[\"MOORE Sweden\"],\"inLanguage\":\"en-GB\",\"potentialAction\":[{\"@type\":\"CommentAction\",\"name\":\"Comment\",\"target\":[\"https:\\\/\\\/www.mooresweden.se\\\/sankt-bolagsskatt-for-alla-begransningar-av-rant-2\\\/#respond\"]}]},{\"@type\":\"WebPage\",\"@id\":\"https:\\\/\\\/www.mooresweden.se\\\/sankt-bolagsskatt-for-alla-begransningar-av-rant-2\\\/\",\"url\":\"https:\\\/\\\/www.mooresweden.se\\\/sankt-bolagsskatt-for-alla-begransningar-av-rant-2\\\/\",\"name\":\"S\u00e4nkt bolagsskatt f\u00f6r alla \u2013 begr\u00e4nsningar av r\u00e4nteavdrag f\u00f6r ett f\u00e5tal - Moore Ranby\",\"isPartOf\":{\"@id\":\"https:\\\/\\\/www.mooresweden.se\\\/#website\"},\"datePublished\":\"2018-05-22T00:00:00+00:00\",\"author\":{\"@id\":\"https:\\\/\\\/www.mooresweden.se\\\/#\\\/schema\\\/person\\\/5b1d4e955219df756cac8f4bc0f0b776\"},\"description\":\"I b\u00f6rjan av maj l\u00e4mnade till slut regeringen det slutliga f\u00f6rslaget till ny f\u00f6retagsbeskattning. Det synes vara regeringens ambition att enbart de st\u00f6rre f\u00f6retagen ska omfattas av nya r\u00e4nteavdragsbegr\u00e4nsningar \u2013 negativa r\u00e4ntenetton upp till fem miljoner kronor \u00e4r fortsatt avdragsgilla. I denna artikel tittar vi p\u00e5 hur f\u00f6rslaget p\u00e5verkar de f\u00f6retag som ligger under denna niv\u00e5. Vi \u00e5terkommer i en separat artikel med inneb\u00f6rden av r\u00e4nteavdragsbegr\u00e4nsningarna f\u00f6r de f\u00f6retag som omfattas av den delen av f\u00f6rslaget. Nya regler f\u00f6resl\u00e5s tr\u00e4da i kraft den 1 januari 2019. \u00a0\",\"breadcrumb\":{\"@id\":\"https:\\\/\\\/www.mooresweden.se\\\/sankt-bolagsskatt-for-alla-begransningar-av-rant-2\\\/#breadcrumb\"},\"inLanguage\":\"en-GB\",\"potentialAction\":[{\"@type\":\"ReadAction\",\"target\":[\"https:\\\/\\\/www.mooresweden.se\\\/sankt-bolagsskatt-for-alla-begransningar-av-rant-2\\\/\"]}]},{\"@type\":\"BreadcrumbList\",\"@id\":\"https:\\\/\\\/www.mooresweden.se\\\/sankt-bolagsskatt-for-alla-begransningar-av-rant-2\\\/#breadcrumb\",\"itemListElement\":[{\"@type\":\"ListItem\",\"position\":1,\"name\":\"Home\",\"item\":\"https:\\\/\\\/www.mooresweden.se\\\/\"},{\"@type\":\"ListItem\",\"position\":2,\"name\":\"S\u00e4nkt bolagsskatt f\u00f6r alla \u2013 begr\u00e4nsningar av r\u00e4nteavdrag f\u00f6r ett f\u00e5tal\"}]},{\"@type\":\"WebSite\",\"@id\":\"https:\\\/\\\/www.mooresweden.se\\\/#website\",\"url\":\"https:\\\/\\\/www.mooresweden.se\\\/\",\"name\":\"Moore Ranby\",\"description\":\"\",\"potentialAction\":[{\"@type\":\"SearchAction\",\"target\":{\"@type\":\"EntryPoint\",\"urlTemplate\":\"https:\\\/\\\/www.mooresweden.se\\\/?s={search_term_string}\"},\"query-input\":{\"@type\":\"PropertyValueSpecification\",\"valueRequired\":true,\"valueName\":\"search_term_string\"}}],\"inLanguage\":\"en-GB\"},{\"@type\":\"Person\",\"@id\":\"https:\\\/\\\/www.mooresweden.se\\\/#\\\/schema\\\/person\\\/5b1d4e955219df756cac8f4bc0f0b776\",\"name\":\"maxspoonerblind\",\"image\":{\"@type\":\"ImageObject\",\"inLanguage\":\"en-GB\",\"@id\":\"https:\\\/\\\/secure.gravatar.com\\\/avatar\\\/1e408e61fa2245f0c76b6c466b5d5f5987b00db766ffd0b1395f8ea179be39ee?s=96&d=mm&r=g\",\"url\":\"https:\\\/\\\/secure.gravatar.com\\\/avatar\\\/1e408e61fa2245f0c76b6c466b5d5f5987b00db766ffd0b1395f8ea179be39ee?s=96&d=mm&r=g\",\"contentUrl\":\"https:\\\/\\\/secure.gravatar.com\\\/avatar\\\/1e408e61fa2245f0c76b6c466b5d5f5987b00db766ffd0b1395f8ea179be39ee?s=96&d=mm&r=g\",\"caption\":\"maxspoonerblind\"},\"url\":\"https:\\\/\\\/www.mooresweden.se\\\/en\\\/author\\\/maxspoonerblind\\\/\"}]}<\/script>\n<!-- \/ Yoast SEO plugin. -->","yoast_head_json":{"title":"S\u00e4nkt bolagsskatt f\u00f6r alla \u2013 begr\u00e4nsningar av r\u00e4nteavdrag f\u00f6r ett f\u00e5tal - Moore Ranby","description":"I b\u00f6rjan av maj l\u00e4mnade till slut regeringen det slutliga f\u00f6rslaget till ny f\u00f6retagsbeskattning. Det synes vara regeringens ambition att enbart de st\u00f6rre f\u00f6retagen ska omfattas av nya r\u00e4nteavdragsbegr\u00e4nsningar \u2013 negativa r\u00e4ntenetton upp till fem miljoner kronor \u00e4r fortsatt avdragsgilla. I denna artikel tittar vi p\u00e5 hur f\u00f6rslaget p\u00e5verkar de f\u00f6retag som ligger under denna niv\u00e5. Vi \u00e5terkommer i en separat artikel med inneb\u00f6rden av r\u00e4nteavdragsbegr\u00e4nsningarna f\u00f6r de f\u00f6retag som omfattas av den delen av f\u00f6rslaget. Nya regler f\u00f6resl\u00e5s tr\u00e4da i kraft den 1 januari 2019. \u00a0","robots":{"index":"index","follow":"follow","max-snippet":"max-snippet:-1","max-image-preview":"max-image-preview:large","max-video-preview":"max-video-preview:-1"},"canonical":"https:\/\/www.mooresweden.se\/en\/sankt-bolagsskatt-for-alla-begransningar-av-rant-2\/","og_locale":"en_GB","og_type":"article","og_title":"S\u00e4nkt bolagsskatt f\u00f6r alla \u2013 begr\u00e4nsningar av r\u00e4nteavdrag f\u00f6r ett f\u00e5tal","og_description":"I b\u00f6rjan av maj l\u00e4mnade till slut regeringen det slutliga f\u00f6rslaget till ny f\u00f6retagsbeskattning. Det synes vara regeringens ambition att enbart de st\u00f6rre f\u00f6retagen ska omfattas av nya r\u00e4nteavdragsbegr\u00e4nsningar \u2013 negativa r\u00e4ntenetton upp till fem miljoner kronor \u00e4r fortsatt avdragsgilla. I denna artikel tittar vi p\u00e5 hur f\u00f6rslaget p\u00e5verkar de f\u00f6retag som ligger under denna niv\u00e5. Vi \u00e5terkommer i en separat artikel med inneb\u00f6rden av r\u00e4nteavdragsbegr\u00e4nsningarna f\u00f6r de f\u00f6retag som omfattas av den delen av f\u00f6rslaget. Nya regler f\u00f6resl\u00e5s tr\u00e4da i kraft den 1 januari 2019. \u00a0","og_url":"https:\/\/www.mooresweden.se\/en\/sankt-bolagsskatt-for-alla-begransningar-av-rant-2\/","og_site_name":"Moore Ranby","article_published_time":"2018-05-22T00:00:00+00:00","author":"maxspoonerblind","twitter_card":"summary_large_image","twitter_misc":{"Written by":"maxspoonerblind","Est. reading time":"6 minutes"},"schema":{"@context":"https:\/\/schema.org","@graph":[{"@type":"Article","@id":"https:\/\/www.mooresweden.se\/sankt-bolagsskatt-for-alla-begransningar-av-rant-2\/#article","isPartOf":{"@id":"https:\/\/www.mooresweden.se\/sankt-bolagsskatt-for-alla-begransningar-av-rant-2\/"},"author":{"name":"maxspoonerblind","@id":"https:\/\/www.mooresweden.se\/#\/schema\/person\/5b1d4e955219df756cac8f4bc0f0b776"},"headline":"S\u00e4nkt bolagsskatt f\u00f6r alla \u2013 begr\u00e4nsningar av r\u00e4nteavdrag f\u00f6r ett f\u00e5tal","datePublished":"2018-05-22T00:00:00+00:00","mainEntityOfPage":{"@id":"https:\/\/www.mooresweden.se\/sankt-bolagsskatt-for-alla-begransningar-av-rant-2\/"},"wordCount":1155,"commentCount":0,"articleSection":["MOORE Sweden"],"inLanguage":"en-GB","potentialAction":[{"@type":"CommentAction","name":"Comment","target":["https:\/\/www.mooresweden.se\/sankt-bolagsskatt-for-alla-begransningar-av-rant-2\/#respond"]}]},{"@type":"WebPage","@id":"https:\/\/www.mooresweden.se\/sankt-bolagsskatt-for-alla-begransningar-av-rant-2\/","url":"https:\/\/www.mooresweden.se\/sankt-bolagsskatt-for-alla-begransningar-av-rant-2\/","name":"S\u00e4nkt bolagsskatt f\u00f6r alla \u2013 begr\u00e4nsningar av r\u00e4nteavdrag f\u00f6r ett f\u00e5tal - Moore Ranby","isPartOf":{"@id":"https:\/\/www.mooresweden.se\/#website"},"datePublished":"2018-05-22T00:00:00+00:00","author":{"@id":"https:\/\/www.mooresweden.se\/#\/schema\/person\/5b1d4e955219df756cac8f4bc0f0b776"},"description":"I b\u00f6rjan av maj l\u00e4mnade till slut regeringen det slutliga f\u00f6rslaget till ny f\u00f6retagsbeskattning. Det synes vara regeringens ambition att enbart de st\u00f6rre f\u00f6retagen ska omfattas av nya r\u00e4nteavdragsbegr\u00e4nsningar \u2013 negativa r\u00e4ntenetton upp till fem miljoner kronor \u00e4r fortsatt avdragsgilla. I denna artikel tittar vi p\u00e5 hur f\u00f6rslaget p\u00e5verkar de f\u00f6retag som ligger under denna niv\u00e5. Vi \u00e5terkommer i en separat artikel med inneb\u00f6rden av r\u00e4nteavdragsbegr\u00e4nsningarna f\u00f6r de f\u00f6retag som omfattas av den delen av f\u00f6rslaget. Nya regler f\u00f6resl\u00e5s tr\u00e4da i kraft den 1 januari 2019. \u00a0","breadcrumb":{"@id":"https:\/\/www.mooresweden.se\/sankt-bolagsskatt-for-alla-begransningar-av-rant-2\/#breadcrumb"},"inLanguage":"en-GB","potentialAction":[{"@type":"ReadAction","target":["https:\/\/www.mooresweden.se\/sankt-bolagsskatt-for-alla-begransningar-av-rant-2\/"]}]},{"@type":"BreadcrumbList","@id":"https:\/\/www.mooresweden.se\/sankt-bolagsskatt-for-alla-begransningar-av-rant-2\/#breadcrumb","itemListElement":[{"@type":"ListItem","position":1,"name":"Home","item":"https:\/\/www.mooresweden.se\/"},{"@type":"ListItem","position":2,"name":"S\u00e4nkt bolagsskatt f\u00f6r alla \u2013 begr\u00e4nsningar av r\u00e4nteavdrag f\u00f6r ett f\u00e5tal"}]},{"@type":"WebSite","@id":"https:\/\/www.mooresweden.se\/#website","url":"https:\/\/www.mooresweden.se\/","name":"Ranby Moore","description":"","potentialAction":[{"@type":"SearchAction","target":{"@type":"EntryPoint","urlTemplate":"https:\/\/www.mooresweden.se\/?s={search_term_string}"},"query-input":{"@type":"PropertyValueSpecification","valueRequired":true,"valueName":"search_term_string"}}],"inLanguage":"en-GB"},{"@type":"Person","@id":"https:\/\/www.mooresweden.se\/#\/schema\/person\/5b1d4e955219df756cac8f4bc0f0b776","name":"maxspoonerblind","image":{"@type":"ImageObject","inLanguage":"en-GB","@id":"https:\/\/secure.gravatar.com\/avatar\/1e408e61fa2245f0c76b6c466b5d5f5987b00db766ffd0b1395f8ea179be39ee?s=96&d=mm&r=g","url":"https:\/\/secure.gravatar.com\/avatar\/1e408e61fa2245f0c76b6c466b5d5f5987b00db766ffd0b1395f8ea179be39ee?s=96&d=mm&r=g","contentUrl":"https:\/\/secure.gravatar.com\/avatar\/1e408e61fa2245f0c76b6c466b5d5f5987b00db766ffd0b1395f8ea179be39ee?s=96&d=mm&r=g","caption":"maxspoonerblind"},"url":"https:\/\/www.mooresweden.se\/en\/author\/maxspoonerblind\/"}]}},"_links":{"self":[{"href":"https:\/\/www.mooresweden.se\/en\/wp-json\/wp\/v2\/posts\/905","targetHints":{"allow":["GET"]}}],"collection":[{"href":"https:\/\/www.mooresweden.se\/en\/wp-json\/wp\/v2\/posts"}],"about":[{"href":"https:\/\/www.mooresweden.se\/en\/wp-json\/wp\/v2\/types\/post"}],"author":[{"embeddable":true,"href":"https:\/\/www.mooresweden.se\/en\/wp-json\/wp\/v2\/users\/3"}],"replies":[{"embeddable":true,"href":"https:\/\/www.mooresweden.se\/en\/wp-json\/wp\/v2\/comments?post=905"}],"version-history":[{"count":0,"href":"https:\/\/www.mooresweden.se\/en\/wp-json\/wp\/v2\/posts\/905\/revisions"}],"wp:attachment":[{"href":"https:\/\/www.mooresweden.se\/en\/wp-json\/wp\/v2\/media?parent=905"}],"wp:term":[{"taxonomy":"category","embeddable":true,"href":"https:\/\/www.mooresweden.se\/en\/wp-json\/wp\/v2\/categories?post=905"},{"taxonomy":"post_tag","embeddable":true,"href":"https:\/\/www.mooresweden.se\/en\/wp-json\/wp\/v2\/tags?post=905"},{"taxonomy":"location","embeddable":true,"href":"https:\/\/www.mooresweden.se\/en\/wp-json\/wp\/v2\/location?post=905"}],"curies":[{"name":"wp","href":"https:\/\/api.w.org\/{rel}","templated":true}]}}