{"id":926,"date":"2020-03-27T00:00:00","date_gmt":"2020-03-27T00:00:00","guid":{"rendered":"https:\/\/moore-sweeden-ranby.eu3.moore-global.com\/fortydligande-av-permittering-i-famansbolag\/"},"modified":"2020-03-27T00:00:00","modified_gmt":"2020-03-27T00:00:00","slug":"clarification-of-dismissal-in-a-family-business","status":"publish","type":"post","link":"https:\/\/www.mooresweden.se\/en\/clarification-of-dismissal-in-a-family-business\/","title":{"rendered":"Clarification of furlough in closely held companies"},"content":{"rendered":"<p>In recent days, we have encountered many questions regarding lay-offs in small, privately held companies. Over the past week, various interpretations of this matter have emerged. The authority designated to manage the payments of short-term lay-off compensation is Tillv\u00e4xtverket (the Swedish Agency for Economic and Regional Growth). In this article, we comment on and clarify Tillv\u00e4xtverket's statements.\u00a0<br \/>\n\u00a0<br \/>\n<strong>Can a shareholder of a limited company be furloughed if they meet the other requirements?<\/strong><br \/>\nEmployees belonging to the employer's family are not eligible for support according to Section 11 of the Act (2013:948) on support for short-term work.<\/p>\n<p>The Swedish Agency for Economic and Regional Growth interprets that employers who can be considered to have a family are sole traders as only they are natural persons. The interpretation means that employee owners and employees belonging to their family can also be covered, with the exception of the sole trader business form (however, other employees in the sole trader may still be covered). A prerequisite is, of course, that the other criteria for support are met.<br \/>\n\u00a0<br \/>\n<em><strong>So you can also receive support if you are the owner and sole employee in a business form other than a sole proprietorship, according to the current interpretation.<\/strong><\/em><br \/>\n\u00a0<br \/>\n<strong>Can companies that have made or are making dividend payments be eligible for the support?<\/strong><br \/>\nAccording to Growth Agency itself:<em> \u201dThe Swedish Agency for Economic and Regional Growth is of the opinion that it is inappropriate for companies to make large dividend payments while simultaneously receiving state support for short-term work. If we see that a company that has received the support acts in a way that shows it is not in a difficult economic situation, we have the option to regulate the support during the reconciliation that takes place after the support has been granted.\u201d<\/em><br \/>\n\u00a0<br \/>\n<em><strong>This therefore means that if a dividend is paid during 2020, it can result in short-term lay-off support being reclaimed.<\/strong><\/em><\/p>\n<p>If you have questions about the above, please do not hesitate to contact your Moore contact person or your local Moore office.<\/p>","protected":false},"excerpt":{"rendered":"<p>Vi har i dagarna st\u00f6tt p\u00e5 m\u00e5nga fr\u00e5gor kring permittering i f\u00e5mansbolag. Det har den senaste veckan kommit m\u00e5nga olika tolkningar\u00a0p\u00e5 detta omr\u00e5de.\u00a0Den myndighet som \u00e4r utsedd att sk\u00f6ta utbetalningar av korttidspermitteringsers\u00e4ttningen \u00e4r Tillv\u00e4xtverket.\u00a0I denna artikel kommenterar och f\u00f6rtydligar vi Tillv\u00e4xtverkets uttalanden.\u00a0 \u00a0 Kan en \u00e4gare till ett AB permitteras om han uppfyller de \u00f6vriga [&hellip;]<\/p>\n","protected":false},"author":3,"featured_media":0,"comment_status":"open","ping_status":"open","sticky":false,"template":"","format":"standard","meta":{"_acf_changed":false,"footnotes":""},"categories":[1],"tags":[],"location":[],"class_list":["post-926","post","type-post","status-publish","format-standard","hentry","category-moore-sweden"],"acf":[],"yoast_head":"<!-- This site is optimized with the Yoast SEO plugin v27.5 - https:\/\/yoast.com\/product\/yoast-seo-wordpress\/ -->\n<title>F\u00f6rtydligande av permittering i f\u00e5mansbolag - Moore Ranby<\/title>\n<meta name=\"description\" content=\"Vi har i dagarna st\u00f6tt p\u00e5 m\u00e5nga fr\u00e5gor kring permittering i f\u00e5mansbolag. Det har den senaste veckan kommit m\u00e5nga olika tolkningar\u00a0p\u00e5 detta omr\u00e5de.\u00a0Den myndighet som \u00e4r utsedd att sk\u00f6ta utbetalningar av korttidspermitteringsers\u00e4ttningen \u00e4r Tillv\u00e4xtverket.\u00a0I denna artikel kommenterar och f\u00f6rtydligar vi Tillv\u00e4xtverkets uttalanden.\u00a0\" \/>\n<meta name=\"robots\" content=\"index, follow, max-snippet:-1, max-image-preview:large, max-video-preview:-1\" \/>\n<link rel=\"canonical\" href=\"https:\/\/www.mooresweden.se\/en\/clarification-of-dismissal-in-a-family-business\/\" \/>\n<meta property=\"og:locale\" content=\"en_GB\" \/>\n<meta property=\"og:type\" content=\"article\" \/>\n<meta property=\"og:title\" content=\"F\u00f6rtydligande av permittering i f\u00e5mansbolag\" \/>\n<meta property=\"og:description\" content=\"Vi har i dagarna st\u00f6tt p\u00e5 m\u00e5nga fr\u00e5gor kring permittering i f\u00e5mansbolag. Det har den senaste veckan kommit m\u00e5nga olika tolkningar\u00a0p\u00e5 detta omr\u00e5de.\u00a0Den myndighet som \u00e4r utsedd att sk\u00f6ta utbetalningar av korttidspermitteringsers\u00e4ttningen \u00e4r Tillv\u00e4xtverket.\u00a0I denna artikel kommenterar och f\u00f6rtydligar vi Tillv\u00e4xtverkets uttalanden.\u00a0\" \/>\n<meta property=\"og:url\" content=\"https:\/\/www.mooresweden.se\/en\/clarification-of-dismissal-in-a-family-business\/\" \/>\n<meta property=\"og:site_name\" content=\"Moore Ranby\" \/>\n<meta property=\"article:published_time\" content=\"2020-03-27T00:00:00+00:00\" \/>\n<meta name=\"author\" content=\"maxspoonerblind\" \/>\n<meta name=\"twitter:card\" content=\"summary_large_image\" \/>\n<meta name=\"twitter:label1\" content=\"Written by\" \/>\n\t<meta name=\"twitter:data1\" content=\"maxspoonerblind\" \/>\n\t<meta name=\"twitter:label2\" content=\"Est. reading time\" \/>\n\t<meta name=\"twitter:data2\" content=\"2 minutes\" \/>\n<script type=\"application\/ld+json\" class=\"yoast-schema-graph\">{\"@context\":\"https:\\\/\\\/schema.org\",\"@graph\":[{\"@type\":\"Article\",\"@id\":\"https:\\\/\\\/www.mooresweden.se\\\/fortydligande-av-permittering-i-famansbolag\\\/#article\",\"isPartOf\":{\"@id\":\"https:\\\/\\\/www.mooresweden.se\\\/fortydligande-av-permittering-i-famansbolag\\\/\"},\"author\":{\"name\":\"maxspoonerblind\",\"@id\":\"https:\\\/\\\/www.mooresweden.se\\\/#\\\/schema\\\/person\\\/5b1d4e955219df756cac8f4bc0f0b776\"},\"headline\":\"F\u00f6rtydligande av permittering i f\u00e5mansbolag\",\"datePublished\":\"2020-03-27T00:00:00+00:00\",\"mainEntityOfPage\":{\"@id\":\"https:\\\/\\\/www.mooresweden.se\\\/fortydligande-av-permittering-i-famansbolag\\\/\"},\"wordCount\":349,\"commentCount\":0,\"articleSection\":[\"MOORE Sweden\"],\"inLanguage\":\"en-GB\",\"potentialAction\":[{\"@type\":\"CommentAction\",\"name\":\"Comment\",\"target\":[\"https:\\\/\\\/www.mooresweden.se\\\/fortydligande-av-permittering-i-famansbolag\\\/#respond\"]}]},{\"@type\":\"WebPage\",\"@id\":\"https:\\\/\\\/www.mooresweden.se\\\/fortydligande-av-permittering-i-famansbolag\\\/\",\"url\":\"https:\\\/\\\/www.mooresweden.se\\\/fortydligande-av-permittering-i-famansbolag\\\/\",\"name\":\"F\u00f6rtydligande av permittering i f\u00e5mansbolag - Moore Ranby\",\"isPartOf\":{\"@id\":\"https:\\\/\\\/www.mooresweden.se\\\/#website\"},\"datePublished\":\"2020-03-27T00:00:00+00:00\",\"author\":{\"@id\":\"https:\\\/\\\/www.mooresweden.se\\\/#\\\/schema\\\/person\\\/5b1d4e955219df756cac8f4bc0f0b776\"},\"description\":\"Vi har i dagarna st\u00f6tt p\u00e5 m\u00e5nga fr\u00e5gor kring permittering i f\u00e5mansbolag. Det har den senaste veckan kommit m\u00e5nga olika tolkningar\u00a0p\u00e5 detta omr\u00e5de.\u00a0Den myndighet som \u00e4r utsedd att sk\u00f6ta utbetalningar av korttidspermitteringsers\u00e4ttningen \u00e4r Tillv\u00e4xtverket.\u00a0I denna artikel kommenterar och f\u00f6rtydligar vi Tillv\u00e4xtverkets uttalanden.\u00a0\",\"breadcrumb\":{\"@id\":\"https:\\\/\\\/www.mooresweden.se\\\/fortydligande-av-permittering-i-famansbolag\\\/#breadcrumb\"},\"inLanguage\":\"en-GB\",\"potentialAction\":[{\"@type\":\"ReadAction\",\"target\":[\"https:\\\/\\\/www.mooresweden.se\\\/fortydligande-av-permittering-i-famansbolag\\\/\"]}]},{\"@type\":\"BreadcrumbList\",\"@id\":\"https:\\\/\\\/www.mooresweden.se\\\/fortydligande-av-permittering-i-famansbolag\\\/#breadcrumb\",\"itemListElement\":[{\"@type\":\"ListItem\",\"position\":1,\"name\":\"Home\",\"item\":\"https:\\\/\\\/www.mooresweden.se\\\/\"},{\"@type\":\"ListItem\",\"position\":2,\"name\":\"F\u00f6rtydligande av permittering i f\u00e5mansbolag\"}]},{\"@type\":\"WebSite\",\"@id\":\"https:\\\/\\\/www.mooresweden.se\\\/#website\",\"url\":\"https:\\\/\\\/www.mooresweden.se\\\/\",\"name\":\"Moore Ranby\",\"description\":\"\",\"potentialAction\":[{\"@type\":\"SearchAction\",\"target\":{\"@type\":\"EntryPoint\",\"urlTemplate\":\"https:\\\/\\\/www.mooresweden.se\\\/?s={search_term_string}\"},\"query-input\":{\"@type\":\"PropertyValueSpecification\",\"valueRequired\":true,\"valueName\":\"search_term_string\"}}],\"inLanguage\":\"en-GB\"},{\"@type\":\"Person\",\"@id\":\"https:\\\/\\\/www.mooresweden.se\\\/#\\\/schema\\\/person\\\/5b1d4e955219df756cac8f4bc0f0b776\",\"name\":\"maxspoonerblind\",\"image\":{\"@type\":\"ImageObject\",\"inLanguage\":\"en-GB\",\"@id\":\"https:\\\/\\\/secure.gravatar.com\\\/avatar\\\/1e408e61fa2245f0c76b6c466b5d5f5987b00db766ffd0b1395f8ea179be39ee?s=96&d=mm&r=g\",\"url\":\"https:\\\/\\\/secure.gravatar.com\\\/avatar\\\/1e408e61fa2245f0c76b6c466b5d5f5987b00db766ffd0b1395f8ea179be39ee?s=96&d=mm&r=g\",\"contentUrl\":\"https:\\\/\\\/secure.gravatar.com\\\/avatar\\\/1e408e61fa2245f0c76b6c466b5d5f5987b00db766ffd0b1395f8ea179be39ee?s=96&d=mm&r=g\",\"caption\":\"maxspoonerblind\"},\"url\":\"https:\\\/\\\/www.mooresweden.se\\\/en\\\/author\\\/maxspoonerblind\\\/\"}]}<\/script>\n<!-- \/ Yoast SEO plugin. -->","yoast_head_json":{"title":"Clarification of Furlough in Small Companies - Moore Ranby","description":"In recent days, we have encountered many questions regarding lay-offs in small, privately held companies. Over the past week, various interpretations of this matter have emerged. The authority designated to manage the payments of short-term lay-off compensation is Tillv\u00e4xtverket (the Swedish Agency for Economic and Regional Growth). In this article, we comment on and clarify Tillv\u00e4xtverket's statements.\u00a0","robots":{"index":"index","follow":"follow","max-snippet":"max-snippet:-1","max-image-preview":"max-image-preview:large","max-video-preview":"max-video-preview:-1"},"canonical":"https:\/\/www.mooresweden.se\/en\/clarification-of-dismissal-in-a-family-business\/","og_locale":"en_GB","og_type":"article","og_title":"F\u00f6rtydligande av permittering i f\u00e5mansbolag","og_description":"Vi har i dagarna st\u00f6tt p\u00e5 m\u00e5nga fr\u00e5gor kring permittering i f\u00e5mansbolag. Det har den senaste veckan kommit m\u00e5nga olika tolkningar\u00a0p\u00e5 detta omr\u00e5de.\u00a0Den myndighet som \u00e4r utsedd att sk\u00f6ta utbetalningar av korttidspermitteringsers\u00e4ttningen \u00e4r Tillv\u00e4xtverket.\u00a0I denna artikel kommenterar och f\u00f6rtydligar vi Tillv\u00e4xtverkets uttalanden.\u00a0","og_url":"https:\/\/www.mooresweden.se\/en\/clarification-of-dismissal-in-a-family-business\/","og_site_name":"Moore Ranby","article_published_time":"2020-03-27T00:00:00+00:00","author":"maxspoonerblind","twitter_card":"summary_large_image","twitter_misc":{"Written by":"maxspoonerblind","Est. reading time":"2 minutes"},"schema":{"@context":"https:\/\/schema.org","@graph":[{"@type":"Article","@id":"https:\/\/www.mooresweden.se\/fortydligande-av-permittering-i-famansbolag\/#article","isPartOf":{"@id":"https:\/\/www.mooresweden.se\/fortydligande-av-permittering-i-famansbolag\/"},"author":{"name":"maxspoonerblind","@id":"https:\/\/www.mooresweden.se\/#\/schema\/person\/5b1d4e955219df756cac8f4bc0f0b776"},"headline":"F\u00f6rtydligande av permittering i f\u00e5mansbolag","datePublished":"2020-03-27T00:00:00+00:00","mainEntityOfPage":{"@id":"https:\/\/www.mooresweden.se\/fortydligande-av-permittering-i-famansbolag\/"},"wordCount":349,"commentCount":0,"articleSection":["MOORE Sweden"],"inLanguage":"en-GB","potentialAction":[{"@type":"CommentAction","name":"Comment","target":["https:\/\/www.mooresweden.se\/fortydligande-av-permittering-i-famansbolag\/#respond"]}]},{"@type":"WebPage","@id":"https:\/\/www.mooresweden.se\/fortydligande-av-permittering-i-famansbolag\/","url":"https:\/\/www.mooresweden.se\/fortydligande-av-permittering-i-famansbolag\/","name":"Clarification of Furlough in Small Companies - Moore Ranby","isPartOf":{"@id":"https:\/\/www.mooresweden.se\/#website"},"datePublished":"2020-03-27T00:00:00+00:00","author":{"@id":"https:\/\/www.mooresweden.se\/#\/schema\/person\/5b1d4e955219df756cac8f4bc0f0b776"},"description":"In recent days, we have encountered many questions regarding lay-offs in small, privately held companies. Over the past week, various interpretations of this matter have emerged. The authority designated to manage the payments of short-term lay-off compensation is Tillv\u00e4xtverket (the Swedish Agency for Economic and Regional Growth). In this article, we comment on and clarify Tillv\u00e4xtverket's statements.\u00a0","breadcrumb":{"@id":"https:\/\/www.mooresweden.se\/fortydligande-av-permittering-i-famansbolag\/#breadcrumb"},"inLanguage":"en-GB","potentialAction":[{"@type":"ReadAction","target":["https:\/\/www.mooresweden.se\/fortydligande-av-permittering-i-famansbolag\/"]}]},{"@type":"BreadcrumbList","@id":"https:\/\/www.mooresweden.se\/fortydligande-av-permittering-i-famansbolag\/#breadcrumb","itemListElement":[{"@type":"ListItem","position":1,"name":"Home","item":"https:\/\/www.mooresweden.se\/"},{"@type":"ListItem","position":2,"name":"F\u00f6rtydligande av permittering i f\u00e5mansbolag"}]},{"@type":"WebSite","@id":"https:\/\/www.mooresweden.se\/#website","url":"https:\/\/www.mooresweden.se\/","name":"Ranby Moore","description":"","potentialAction":[{"@type":"SearchAction","target":{"@type":"EntryPoint","urlTemplate":"https:\/\/www.mooresweden.se\/?s={search_term_string}"},"query-input":{"@type":"PropertyValueSpecification","valueRequired":true,"valueName":"search_term_string"}}],"inLanguage":"en-GB"},{"@type":"Person","@id":"https:\/\/www.mooresweden.se\/#\/schema\/person\/5b1d4e955219df756cac8f4bc0f0b776","name":"maxspoonerblind","image":{"@type":"ImageObject","inLanguage":"en-GB","@id":"https:\/\/secure.gravatar.com\/avatar\/1e408e61fa2245f0c76b6c466b5d5f5987b00db766ffd0b1395f8ea179be39ee?s=96&d=mm&r=g","url":"https:\/\/secure.gravatar.com\/avatar\/1e408e61fa2245f0c76b6c466b5d5f5987b00db766ffd0b1395f8ea179be39ee?s=96&d=mm&r=g","contentUrl":"https:\/\/secure.gravatar.com\/avatar\/1e408e61fa2245f0c76b6c466b5d5f5987b00db766ffd0b1395f8ea179be39ee?s=96&d=mm&r=g","caption":"maxspoonerblind"},"url":"https:\/\/www.mooresweden.se\/en\/author\/maxspoonerblind\/"}]}},"_links":{"self":[{"href":"https:\/\/www.mooresweden.se\/en\/wp-json\/wp\/v2\/posts\/926","targetHints":{"allow":["GET"]}}],"collection":[{"href":"https:\/\/www.mooresweden.se\/en\/wp-json\/wp\/v2\/posts"}],"about":[{"href":"https:\/\/www.mooresweden.se\/en\/wp-json\/wp\/v2\/types\/post"}],"author":[{"embeddable":true,"href":"https:\/\/www.mooresweden.se\/en\/wp-json\/wp\/v2\/users\/3"}],"replies":[{"embeddable":true,"href":"https:\/\/www.mooresweden.se\/en\/wp-json\/wp\/v2\/comments?post=926"}],"version-history":[{"count":0,"href":"https:\/\/www.mooresweden.se\/en\/wp-json\/wp\/v2\/posts\/926\/revisions"}],"wp:attachment":[{"href":"https:\/\/www.mooresweden.se\/en\/wp-json\/wp\/v2\/media?parent=926"}],"wp:term":[{"taxonomy":"category","embeddable":true,"href":"https:\/\/www.mooresweden.se\/en\/wp-json\/wp\/v2\/categories?post=926"},{"taxonomy":"post_tag","embeddable":true,"href":"https:\/\/www.mooresweden.se\/en\/wp-json\/wp\/v2\/tags?post=926"},{"taxonomy":"location","embeddable":true,"href":"https:\/\/www.mooresweden.se\/en\/wp-json\/wp\/v2\/location?post=926"}],"curies":[{"name":"wp","href":"https:\/\/api.w.org\/{rel}","templated":true}]}}