{"id":929,"date":"2020-03-26T00:00:00","date_gmt":"2020-03-26T00:00:00","guid":{"rendered":"https:\/\/moore-sweeden-ranby.eu3.moore-global.com\/sammanfattning-av-regeringens-krispaket-den-25-mar\/"},"modified":"2020-03-26T00:00:00","modified_gmt":"2020-03-26T00:00:00","slug":"summary-of-the-governments-crisis-package-of-25-march","status":"publish","type":"post","link":"https:\/\/www.mooresweden.se\/en\/summary-of-the-governments-crisis-package-of-25-march\/","title":{"rendered":"Summary of the government's crisis package of March 25th"},"content":{"rendered":"<p>This is what we know at present:<br \/>\n<strong>Temporary reduction in employer's contributions and self-employed contributions<\/strong><\/p>\n<ul>\n<li>For the period 1 March \u2013 30 June 2020<\/li>\n<li>Reduction for up to 30 employees<\/li>\n<li>For salaries up to SEK 25,000 per month\u00a0<\/li>\n<\/ul>\n<p>Read more about this proposal in our separate article on \u201dTemporary reductions in employer contributions\u201d.\u201d\u00a0<a href=\"https:\/\/www.mooresweden.se\/en\/news\/mars-2020-%286%29\/temporarily-reduced-employer-contributions\/\">https:\/\/www.mooresweden.se\/news\/mars-2020-(6)\/tillfalligt-sankta-arbetsgivaravgifter<\/a><\/p>\n<p><strong>Opportunity for extended appropriation to deferred tax reserve<\/strong><\/p>\n<ul>\n<li value=\"2\">Only for sole proprietors and individuals who are partners in Swedish limited partnerships.\u00a0<em>Does not therefore apply to limited companies or economic associations at present.<\/em><\/li>\n<li value=\"2\">Winnings up to SEK 1,000,000 can be deferred 100 %.<\/li>\n<li value=\"2\">Applied retroactively for 2019, meaning the tax for 2019 can be reclaimed now by submitting a new preliminary tax return.<\/li>\n<\/ul>\n<p>Read more about this proposal in our separate article on \u201dExtended income equalisation funds\u201d\u00a0<a href=\"https:\/\/www.mooresweden.se\/en\/news\/mars-2020-%286%29\/utokade-periodiseringsfonder\/\">https:\/\/www.mooresweden.se\/news\/mars-2020-(6)\/utokade-periodiseringsfonder<\/a><\/p>\n<p><strong>State loan guarantee<\/strong><\/p>\n<ul>\n<li value=\"3\">The banks shall receive state guarantees for loans to businesses<\/li>\n<li value=\"3\">The lending is done through the banks. <em>The risk assessment is carried out in accordance with the banks' credit assessment processes.<\/em><\/li>\n<li value=\"3\">A maximum of SEK 75 million per company<\/li>\n<li value=\"3\">Interest-free for the first 12 months, then interest applies\u00a0<\/li>\n<\/ul>\n<p>Read more about this proposal in our separate article on \u201dState loan guarantee\u201d\u00a0<a href=\"https:\/\/www.mooresweden.se\/en\/news\/mars-2020-%286%29\/state-loan-guarantee\/\">https:\/\/www.mooresweden.se\/news\/mars-2020-(6)\/statlig-lanegaranti<\/a><\/p>\n<p><strong>Temporary discount on rental costs for vulnerable sectors<\/strong><\/p>\n<ul>\n<li value=\"4\">For infrequent purchases, hotels, restaurants and certain other businesses (unclear at present what this covers)<\/li>\n<li value=\"4\">To speed up the rent renegotiation<\/li>\n<li value=\"4\">50 % of rent reduction<\/li>\n<li value=\"4\">Maximum 50 % of the fixed rent<\/li>\n<\/ul>\n<p>There is currently very little information about this proposal, but we understand it to mean that the landlord and the state will share the rent reduction 50\/50.<\/p>\n<p><strong>Update on short-term permits and deferrals of tax payments<\/strong><\/p>\n<ul>\n<li value=\"5\">The employer's family shall be covered by the possibility of furlough<\/li>\n<li value=\"5\">Even small companies that pay VAT annually should be able to get an extension for paying their VAT.<\/li>\n<\/ul>\n<p>If you require assistance in accessing any of the government's support packages, please contact your MOORE representative or your local MOORE office.<\/p>","protected":false},"excerpt":{"rendered":"<p>Detta \u00e4r vad vi vet i nul\u00e4get: Tillf\u00e4lligt s\u00e4nkta arbetsgivaravgifter och egenavgifter F\u00f6r perioden 1 mars \u2013 30 juni 2020 Neds\u00e4ttning f\u00f6r upp till 30 anst\u00e4llda F\u00f6r l\u00f6ner upp till 25\u00a0000 kr i m\u00e5naden\u00a0 L\u00e4s mer om detta f\u00f6rslag i v\u00e5r separata artikel om \u201dTillf\u00e4lligt s\u00e4nkta arbetsgivaravgifter\u201d\u00a0https:\/\/www.mooresweden.se\/news\/mars-2020-(6)\/tillfalligt-sankta-arbetsgivaravgifter M\u00f6jlighet till ut\u00f6kad avs\u00e4ttning till periodiseringsfond Endast f\u00f6r [&hellip;]<\/p>\n","protected":false},"author":3,"featured_media":0,"comment_status":"open","ping_status":"open","sticky":false,"template":"","format":"standard","meta":{"_acf_changed":false,"footnotes":""},"categories":[1],"tags":[],"location":[],"class_list":["post-929","post","type-post","status-publish","format-standard","hentry","category-moore-sweden"],"acf":[],"yoast_head":"<!-- This site is optimized with the Yoast SEO plugin v27.3 - https:\/\/yoast.com\/product\/yoast-seo-wordpress\/ -->\n<title>Sammanfattning av regeringens krispaket den 25 mars - Moore Ranby<\/title>\n<meta name=\"description\" content=\"Regeringen kom i g\u00e5r kv\u00e4ll med ytterligare st\u00f6d\u00e5tg\u00e4rder, fr\u00e4mst riktade till sm\u00e5 och medelstora f\u00f6retag. D\u00e5 det \u00e4nnu inte har presenterats n\u00e5gra f\u00e4rdiga lagf\u00f6rslag \u00e4r inte alla detaljer klara, denna information \u00e4r allts\u00e5 vad man kan f\u00e5 ut av regeringens pressreleaser och kan komma att beh\u00f6va uppdateras. L\u00e4s mer h\u00e4r.\u00a0 \u00a0\" \/>\n<meta name=\"robots\" content=\"index, follow, max-snippet:-1, max-image-preview:large, max-video-preview:-1\" \/>\n<link rel=\"canonical\" href=\"https:\/\/www.mooresweden.se\/en\/summary-of-the-governments-crisis-package-of-25-march\/\" \/>\n<meta property=\"og:locale\" content=\"en_GB\" \/>\n<meta property=\"og:type\" content=\"article\" \/>\n<meta property=\"og:title\" content=\"Sammanfattning av regeringens krispaket den 25 mars\" \/>\n<meta property=\"og:description\" content=\"Regeringen kom i g\u00e5r kv\u00e4ll med ytterligare st\u00f6d\u00e5tg\u00e4rder, fr\u00e4mst riktade till sm\u00e5 och medelstora f\u00f6retag. D\u00e5 det \u00e4nnu inte har presenterats n\u00e5gra f\u00e4rdiga lagf\u00f6rslag \u00e4r inte alla detaljer klara, denna information \u00e4r allts\u00e5 vad man kan f\u00e5 ut av regeringens pressreleaser och kan komma att beh\u00f6va uppdateras. L\u00e4s mer h\u00e4r.\u00a0 \u00a0\" \/>\n<meta property=\"og:url\" content=\"https:\/\/www.mooresweden.se\/en\/summary-of-the-governments-crisis-package-of-25-march\/\" \/>\n<meta property=\"og:site_name\" content=\"Moore Ranby\" \/>\n<meta property=\"article:published_time\" content=\"2020-03-26T00:00:00+00:00\" \/>\n<meta name=\"author\" content=\"maxspoonerblind\" \/>\n<meta name=\"twitter:card\" content=\"summary_large_image\" \/>\n<meta name=\"twitter:label1\" content=\"Written by\" \/>\n\t<meta name=\"twitter:data1\" content=\"maxspoonerblind\" \/>\n\t<meta name=\"twitter:label2\" content=\"Est. reading time\" \/>\n\t<meta name=\"twitter:data2\" content=\"2 minutes\" \/>\n<script type=\"application\/ld+json\" class=\"yoast-schema-graph\">{\"@context\":\"https:\\\/\\\/schema.org\",\"@graph\":[{\"@type\":\"Article\",\"@id\":\"https:\\\/\\\/www.mooresweden.se\\\/sammanfattning-av-regeringens-krispaket-den-25-mar\\\/#article\",\"isPartOf\":{\"@id\":\"https:\\\/\\\/www.mooresweden.se\\\/sammanfattning-av-regeringens-krispaket-den-25-mar\\\/\"},\"author\":{\"name\":\"maxspoonerblind\",\"@id\":\"https:\\\/\\\/www.mooresweden.se\\\/#\\\/schema\\\/person\\\/5b1d4e955219df756cac8f4bc0f0b776\"},\"headline\":\"Sammanfattning av regeringens krispaket den 25 mars\",\"datePublished\":\"2020-03-26T00:00:00+00:00\",\"mainEntityOfPage\":{\"@id\":\"https:\\\/\\\/www.mooresweden.se\\\/sammanfattning-av-regeringens-krispaket-den-25-mar\\\/\"},\"wordCount\":368,\"commentCount\":0,\"articleSection\":[\"MOORE Sweden\"],\"inLanguage\":\"en-GB\",\"potentialAction\":[{\"@type\":\"CommentAction\",\"name\":\"Comment\",\"target\":[\"https:\\\/\\\/www.mooresweden.se\\\/sammanfattning-av-regeringens-krispaket-den-25-mar\\\/#respond\"]}]},{\"@type\":\"WebPage\",\"@id\":\"https:\\\/\\\/www.mooresweden.se\\\/sammanfattning-av-regeringens-krispaket-den-25-mar\\\/\",\"url\":\"https:\\\/\\\/www.mooresweden.se\\\/sammanfattning-av-regeringens-krispaket-den-25-mar\\\/\",\"name\":\"Sammanfattning av regeringens krispaket den 25 mars - Moore Ranby\",\"isPartOf\":{\"@id\":\"https:\\\/\\\/www.mooresweden.se\\\/#website\"},\"datePublished\":\"2020-03-26T00:00:00+00:00\",\"author\":{\"@id\":\"https:\\\/\\\/www.mooresweden.se\\\/#\\\/schema\\\/person\\\/5b1d4e955219df756cac8f4bc0f0b776\"},\"description\":\"Regeringen kom i g\u00e5r kv\u00e4ll med ytterligare st\u00f6d\u00e5tg\u00e4rder, fr\u00e4mst riktade till sm\u00e5 och medelstora f\u00f6retag. D\u00e5 det \u00e4nnu inte har presenterats n\u00e5gra f\u00e4rdiga lagf\u00f6rslag \u00e4r inte alla detaljer klara, denna information \u00e4r allts\u00e5 vad man kan f\u00e5 ut av regeringens pressreleaser och kan komma att beh\u00f6va uppdateras. L\u00e4s mer h\u00e4r.\u00a0 \u00a0\",\"breadcrumb\":{\"@id\":\"https:\\\/\\\/www.mooresweden.se\\\/sammanfattning-av-regeringens-krispaket-den-25-mar\\\/#breadcrumb\"},\"inLanguage\":\"en-GB\",\"potentialAction\":[{\"@type\":\"ReadAction\",\"target\":[\"https:\\\/\\\/www.mooresweden.se\\\/sammanfattning-av-regeringens-krispaket-den-25-mar\\\/\"]}]},{\"@type\":\"BreadcrumbList\",\"@id\":\"https:\\\/\\\/www.mooresweden.se\\\/sammanfattning-av-regeringens-krispaket-den-25-mar\\\/#breadcrumb\",\"itemListElement\":[{\"@type\":\"ListItem\",\"position\":1,\"name\":\"Home\",\"item\":\"https:\\\/\\\/www.mooresweden.se\\\/\"},{\"@type\":\"ListItem\",\"position\":2,\"name\":\"Sammanfattning av regeringens krispaket den 25 mars\"}]},{\"@type\":\"WebSite\",\"@id\":\"https:\\\/\\\/www.mooresweden.se\\\/#website\",\"url\":\"https:\\\/\\\/www.mooresweden.se\\\/\",\"name\":\"Moore Ranby\",\"description\":\"\",\"potentialAction\":[{\"@type\":\"SearchAction\",\"target\":{\"@type\":\"EntryPoint\",\"urlTemplate\":\"https:\\\/\\\/www.mooresweden.se\\\/?s={search_term_string}\"},\"query-input\":{\"@type\":\"PropertyValueSpecification\",\"valueRequired\":true,\"valueName\":\"search_term_string\"}}],\"inLanguage\":\"en-GB\"},{\"@type\":\"Person\",\"@id\":\"https:\\\/\\\/www.mooresweden.se\\\/#\\\/schema\\\/person\\\/5b1d4e955219df756cac8f4bc0f0b776\",\"name\":\"maxspoonerblind\",\"image\":{\"@type\":\"ImageObject\",\"inLanguage\":\"en-GB\",\"@id\":\"https:\\\/\\\/secure.gravatar.com\\\/avatar\\\/1e408e61fa2245f0c76b6c466b5d5f5987b00db766ffd0b1395f8ea179be39ee?s=96&d=mm&r=g\",\"url\":\"https:\\\/\\\/secure.gravatar.com\\\/avatar\\\/1e408e61fa2245f0c76b6c466b5d5f5987b00db766ffd0b1395f8ea179be39ee?s=96&d=mm&r=g\",\"contentUrl\":\"https:\\\/\\\/secure.gravatar.com\\\/avatar\\\/1e408e61fa2245f0c76b6c466b5d5f5987b00db766ffd0b1395f8ea179be39ee?s=96&d=mm&r=g\",\"caption\":\"maxspoonerblind\"},\"url\":\"https:\\\/\\\/www.mooresweden.se\\\/en\\\/author\\\/maxspoonerblind\\\/\"}]}<\/script>\n<!-- \/ Yoast SEO plugin. -->","yoast_head_json":{"title":"Summary of the government's crisis package of 25 March - Moore Ranby","description":"The government announced further support measures last night, primarily aimed at small and medium-sized enterprises. As no definitive legislative proposals have as yet been presented, not all details are clear; this information is therefore what can be gleaned from the government's press releases and may need to be updated. Read more here.\u00a0 \u00a0","robots":{"index":"index","follow":"follow","max-snippet":"max-snippet:-1","max-image-preview":"max-image-preview:large","max-video-preview":"max-video-preview:-1"},"canonical":"https:\/\/www.mooresweden.se\/en\/summary-of-the-governments-crisis-package-of-25-march\/","og_locale":"en_GB","og_type":"article","og_title":"Sammanfattning av regeringens krispaket den 25 mars","og_description":"Regeringen kom i g\u00e5r kv\u00e4ll med ytterligare st\u00f6d\u00e5tg\u00e4rder, fr\u00e4mst riktade till sm\u00e5 och medelstora f\u00f6retag. D\u00e5 det \u00e4nnu inte har presenterats n\u00e5gra f\u00e4rdiga lagf\u00f6rslag \u00e4r inte alla detaljer klara, denna information \u00e4r allts\u00e5 vad man kan f\u00e5 ut av regeringens pressreleaser och kan komma att beh\u00f6va uppdateras. L\u00e4s mer h\u00e4r.\u00a0 \u00a0","og_url":"https:\/\/www.mooresweden.se\/en\/summary-of-the-governments-crisis-package-of-25-march\/","og_site_name":"Moore Ranby","article_published_time":"2020-03-26T00:00:00+00:00","author":"maxspoonerblind","twitter_card":"summary_large_image","twitter_misc":{"Written by":"maxspoonerblind","Est. reading time":"2 minutes"},"schema":{"@context":"https:\/\/schema.org","@graph":[{"@type":"Article","@id":"https:\/\/www.mooresweden.se\/sammanfattning-av-regeringens-krispaket-den-25-mar\/#article","isPartOf":{"@id":"https:\/\/www.mooresweden.se\/sammanfattning-av-regeringens-krispaket-den-25-mar\/"},"author":{"name":"maxspoonerblind","@id":"https:\/\/www.mooresweden.se\/#\/schema\/person\/5b1d4e955219df756cac8f4bc0f0b776"},"headline":"Sammanfattning av regeringens krispaket den 25 mars","datePublished":"2020-03-26T00:00:00+00:00","mainEntityOfPage":{"@id":"https:\/\/www.mooresweden.se\/sammanfattning-av-regeringens-krispaket-den-25-mar\/"},"wordCount":368,"commentCount":0,"articleSection":["MOORE Sweden"],"inLanguage":"en-GB","potentialAction":[{"@type":"CommentAction","name":"Comment","target":["https:\/\/www.mooresweden.se\/sammanfattning-av-regeringens-krispaket-den-25-mar\/#respond"]}]},{"@type":"WebPage","@id":"https:\/\/www.mooresweden.se\/sammanfattning-av-regeringens-krispaket-den-25-mar\/","url":"https:\/\/www.mooresweden.se\/sammanfattning-av-regeringens-krispaket-den-25-mar\/","name":"Summary of the government's crisis package of 25 March - Moore Ranby","isPartOf":{"@id":"https:\/\/www.mooresweden.se\/#website"},"datePublished":"2020-03-26T00:00:00+00:00","author":{"@id":"https:\/\/www.mooresweden.se\/#\/schema\/person\/5b1d4e955219df756cac8f4bc0f0b776"},"description":"The government announced further support measures last night, primarily aimed at small and medium-sized enterprises. As no definitive legislative proposals have as yet been presented, not all details are clear; this information is therefore what can be gleaned from the government's press releases and may need to be updated. Read more here.\u00a0 \u00a0","breadcrumb":{"@id":"https:\/\/www.mooresweden.se\/sammanfattning-av-regeringens-krispaket-den-25-mar\/#breadcrumb"},"inLanguage":"en-GB","potentialAction":[{"@type":"ReadAction","target":["https:\/\/www.mooresweden.se\/sammanfattning-av-regeringens-krispaket-den-25-mar\/"]}]},{"@type":"BreadcrumbList","@id":"https:\/\/www.mooresweden.se\/sammanfattning-av-regeringens-krispaket-den-25-mar\/#breadcrumb","itemListElement":[{"@type":"ListItem","position":1,"name":"Home","item":"https:\/\/www.mooresweden.se\/"},{"@type":"ListItem","position":2,"name":"Sammanfattning av regeringens krispaket den 25 mars"}]},{"@type":"WebSite","@id":"https:\/\/www.mooresweden.se\/#website","url":"https:\/\/www.mooresweden.se\/","name":"Ranby Moore","description":"","potentialAction":[{"@type":"SearchAction","target":{"@type":"EntryPoint","urlTemplate":"https:\/\/www.mooresweden.se\/?s={search_term_string}"},"query-input":{"@type":"PropertyValueSpecification","valueRequired":true,"valueName":"search_term_string"}}],"inLanguage":"en-GB"},{"@type":"Person","@id":"https:\/\/www.mooresweden.se\/#\/schema\/person\/5b1d4e955219df756cac8f4bc0f0b776","name":"maxspoonerblind","image":{"@type":"ImageObject","inLanguage":"en-GB","@id":"https:\/\/secure.gravatar.com\/avatar\/1e408e61fa2245f0c76b6c466b5d5f5987b00db766ffd0b1395f8ea179be39ee?s=96&d=mm&r=g","url":"https:\/\/secure.gravatar.com\/avatar\/1e408e61fa2245f0c76b6c466b5d5f5987b00db766ffd0b1395f8ea179be39ee?s=96&d=mm&r=g","contentUrl":"https:\/\/secure.gravatar.com\/avatar\/1e408e61fa2245f0c76b6c466b5d5f5987b00db766ffd0b1395f8ea179be39ee?s=96&d=mm&r=g","caption":"maxspoonerblind"},"url":"https:\/\/www.mooresweden.se\/en\/author\/maxspoonerblind\/"}]}},"_links":{"self":[{"href":"https:\/\/www.mooresweden.se\/en\/wp-json\/wp\/v2\/posts\/929","targetHints":{"allow":["GET"]}}],"collection":[{"href":"https:\/\/www.mooresweden.se\/en\/wp-json\/wp\/v2\/posts"}],"about":[{"href":"https:\/\/www.mooresweden.se\/en\/wp-json\/wp\/v2\/types\/post"}],"author":[{"embeddable":true,"href":"https:\/\/www.mooresweden.se\/en\/wp-json\/wp\/v2\/users\/3"}],"replies":[{"embeddable":true,"href":"https:\/\/www.mooresweden.se\/en\/wp-json\/wp\/v2\/comments?post=929"}],"version-history":[{"count":0,"href":"https:\/\/www.mooresweden.se\/en\/wp-json\/wp\/v2\/posts\/929\/revisions"}],"wp:attachment":[{"href":"https:\/\/www.mooresweden.se\/en\/wp-json\/wp\/v2\/media?parent=929"}],"wp:term":[{"taxonomy":"category","embeddable":true,"href":"https:\/\/www.mooresweden.se\/en\/wp-json\/wp\/v2\/categories?post=929"},{"taxonomy":"post_tag","embeddable":true,"href":"https:\/\/www.mooresweden.se\/en\/wp-json\/wp\/v2\/tags?post=929"},{"taxonomy":"location","embeddable":true,"href":"https:\/\/www.mooresweden.se\/en\/wp-json\/wp\/v2\/location?post=929"}],"curies":[{"name":"wp","href":"https:\/\/api.w.org\/{rel}","templated":true}]}}