{"id":957,"date":"2020-09-30T00:00:00","date_gmt":"2020-09-30T00:00:00","guid":{"rendered":"https:\/\/moore-sweeden-ranby.eu3.moore-global.com\/dags-att-deklarera-smahus\/"},"modified":"2020-09-30T00:00:00","modified_gmt":"2020-09-30T00:00:00","slug":"dags-att-deklarera-smahus","status":"publish","type":"post","link":"https:\/\/www.mooresweden.se\/en\/dags-att-deklarera-smahus\/","title":{"rendered":"Dags att deklarera sm\u00e5hus"},"content":{"rendered":"<p>Var tredje \u00e5r deklareras sm\u00e5hus i en allm\u00e4n eller f\u00f6renklad fastighetstaxering. D\u00e4remellan kan din fastighet taxeras vid en s\u00e4rskild fastighetstaxering. I \u00e5r har 2,4 miljoner fastigheter f\u00e5tt ett nytt f\u00f6rslag till taxeringsv\u00e4rde eller en deklaration per post eller i sin digitala brevl\u00e5da.<\/p>\n<p>I f\u00f6rra veckan, 14 september, \u00f6ppnade Skatteverket sin e-tj\u00e4nst Fastighetsdeklaration, sm\u00e5hus. D\u00e4r \u00e4r det enkelt att granska f\u00f6rslaget och l\u00e4mna in sin fastighetsdeklaration. Finns flera del\u00e4gare i en fastighet skickas deklarationen endast till en av del\u00e4garna, oftast den som st\u00e5r \u00f6verst p\u00e5 lagfarten, men vem som helst av del\u00e4garna kan deklarera fastigheten. Sj\u00e4lva beslutet om fastighetstaxeringen kommer d\u00e4remot att skickas till alla del\u00e4garna.<\/p>\n<h4><strong>Vad r\u00e4knas som ett sm\u00e5hus?<\/strong><\/h4>\n<p><strong>S\u00e5 h\u00e4r skriver Skatteverket:<\/strong><br \/>\n\u201dEtt sm\u00e5hus \u00e4r en byggnad med en eller tv\u00e5 bost\u00e4der. Friliggande villor, radhus, kedjehus och parhus r\u00e4knas alla som sm\u00e5hus liksom en byggnad p\u00e5 ofri grund om den \u00e4r inr\u00e4ttad f\u00f6r boende. Ett sm\u00e5hus p\u00e5 ofri grund, till exempel en kolonistuga, ska i fastighetstaxeringen ses som en fastighet trots att det \u00e4r l\u00f6s egendom. En sm\u00e5husenhet kan \u00e4ven vara obebyggd tomtmark avsedd att bebyggas med sm\u00e5hus.\u201d<\/p>\n<p>Det g\u00f6rs i fastighetstaxeringen ingen skillnad p\u00e5 om sm\u00e5huset \u00e4r ett fritidshus eller anv\u00e4nds f\u00f6r permanentboende.<\/p>\n<p>Den som byggt till eller byggt om eller renoverat sin bostad in- eller utv\u00e4ndigt och som kommer att vara klar med f\u00f6r\u00e4ndringarna senast 1 januari 2021 ska se \u00f6ver uppgifterna om bostadens standard i deklarationen. P\u00e5 Skatteverket.se finns svar p\u00e5 de vanligaste fr\u00e5gorna kring fastighetstaxeringen.<\/p>\n<p>Senast 2 november ska deklarationen vara inl\u00e4mnad till Skatteverket och i mitten av juni n\u00e4sta \u00e5r f\u00e5r du besked om fastighetstaxeringen om du har digital brevl\u00e5da och i b\u00f6rjan av juli kommer beskedet f\u00f6r dig som f\u00e5r det med posten.<\/p>\n<p><em>Charlotta Mart\u00e9ng<\/em><br \/>\n<em>Photo:\u00a0<\/em>Getty Images<\/p>\n<p><em>This article is published in cooperation with the magazine Resultat<\/em><\/p>","protected":false},"excerpt":{"rendered":"<p>Var tredje \u00e5r deklareras sm\u00e5hus i en allm\u00e4n eller f\u00f6renklad fastighetstaxering. D\u00e4remellan kan din fastighet taxeras vid en s\u00e4rskild fastighetstaxering. I \u00e5r har 2,4 miljoner fastigheter f\u00e5tt ett nytt f\u00f6rslag till taxeringsv\u00e4rde eller en deklaration per post eller i sin digitala brevl\u00e5da. I f\u00f6rra veckan, 14 september, \u00f6ppnade Skatteverket sin e-tj\u00e4nst Fastighetsdeklaration, sm\u00e5hus. D\u00e4r \u00e4r [&hellip;]<\/p>\n","protected":false},"author":3,"featured_media":0,"comment_status":"open","ping_status":"open","sticky":false,"template":"","format":"standard","meta":{"_acf_changed":false,"footnotes":""},"categories":[1],"tags":[],"location":[],"class_list":["post-957","post","type-post","status-publish","format-standard","hentry","category-moore-sweden"],"acf":[],"yoast_head":"<!-- This site is optimized with the Yoast SEO plugin v27.3 - https:\/\/yoast.com\/product\/yoast-seo-wordpress\/ -->\n<title>Dags att deklarera sm\u00e5hus - Moore Ranby<\/title>\n<meta name=\"description\" content=\"I \u00e5r sker en allm\u00e4n fastighetstaxering f\u00f6r dig som \u00e4ger en sm\u00e5husfastighet. 2 november \u00e4r datumet d\u00e5 uppgifterna ska vara inne hos Skatteverket.\" \/>\n<meta name=\"robots\" content=\"index, follow, max-snippet:-1, max-image-preview:large, max-video-preview:-1\" \/>\n<link rel=\"canonical\" href=\"https:\/\/www.mooresweden.se\/en\/dags-att-deklarera-smahus\/\" \/>\n<meta property=\"og:locale\" content=\"en_GB\" \/>\n<meta property=\"og:type\" content=\"article\" \/>\n<meta property=\"og:title\" content=\"Dags att deklarera sm\u00e5hus\" \/>\n<meta property=\"og:description\" content=\"I \u00e5r sker en allm\u00e4n fastighetstaxering f\u00f6r dig som \u00e4ger en sm\u00e5husfastighet. 2 november \u00e4r datumet d\u00e5 uppgifterna ska vara inne hos Skatteverket.\" \/>\n<meta property=\"og:url\" content=\"https:\/\/www.mooresweden.se\/en\/dags-att-deklarera-smahus\/\" \/>\n<meta property=\"og:site_name\" content=\"Moore Ranby\" \/>\n<meta property=\"article:published_time\" content=\"2020-09-30T00:00:00+00:00\" \/>\n<meta name=\"author\" content=\"maxspoonerblind\" \/>\n<meta name=\"twitter:card\" content=\"summary_large_image\" \/>\n<meta name=\"twitter:label1\" content=\"Written by\" \/>\n\t<meta name=\"twitter:data1\" content=\"maxspoonerblind\" \/>\n\t<meta name=\"twitter:label2\" content=\"Est. reading time\" \/>\n\t<meta name=\"twitter:data2\" content=\"2 minutes\" \/>\n<script type=\"application\/ld+json\" class=\"yoast-schema-graph\">{\"@context\":\"https:\\\/\\\/schema.org\",\"@graph\":[{\"@type\":\"Article\",\"@id\":\"https:\\\/\\\/www.mooresweden.se\\\/dags-att-deklarera-smahus\\\/#article\",\"isPartOf\":{\"@id\":\"https:\\\/\\\/www.mooresweden.se\\\/dags-att-deklarera-smahus\\\/\"},\"author\":{\"name\":\"maxspoonerblind\",\"@id\":\"https:\\\/\\\/www.mooresweden.se\\\/#\\\/schema\\\/person\\\/5b1d4e955219df756cac8f4bc0f0b776\"},\"headline\":\"Dags att deklarera sm\u00e5hus\",\"datePublished\":\"2020-09-30T00:00:00+00:00\",\"mainEntityOfPage\":{\"@id\":\"https:\\\/\\\/www.mooresweden.se\\\/dags-att-deklarera-smahus\\\/\"},\"wordCount\":346,\"commentCount\":0,\"articleSection\":[\"MOORE Sweden\"],\"inLanguage\":\"en-GB\",\"potentialAction\":[{\"@type\":\"CommentAction\",\"name\":\"Comment\",\"target\":[\"https:\\\/\\\/www.mooresweden.se\\\/dags-att-deklarera-smahus\\\/#respond\"]}]},{\"@type\":\"WebPage\",\"@id\":\"https:\\\/\\\/www.mooresweden.se\\\/dags-att-deklarera-smahus\\\/\",\"url\":\"https:\\\/\\\/www.mooresweden.se\\\/dags-att-deklarera-smahus\\\/\",\"name\":\"Dags att deklarera sm\u00e5hus - Moore Ranby\",\"isPartOf\":{\"@id\":\"https:\\\/\\\/www.mooresweden.se\\\/#website\"},\"datePublished\":\"2020-09-30T00:00:00+00:00\",\"author\":{\"@id\":\"https:\\\/\\\/www.mooresweden.se\\\/#\\\/schema\\\/person\\\/5b1d4e955219df756cac8f4bc0f0b776\"},\"description\":\"I \u00e5r sker en allm\u00e4n fastighetstaxering f\u00f6r dig som \u00e4ger en sm\u00e5husfastighet. 2 november \u00e4r datumet d\u00e5 uppgifterna ska vara inne hos Skatteverket.\",\"breadcrumb\":{\"@id\":\"https:\\\/\\\/www.mooresweden.se\\\/dags-att-deklarera-smahus\\\/#breadcrumb\"},\"inLanguage\":\"en-GB\",\"potentialAction\":[{\"@type\":\"ReadAction\",\"target\":[\"https:\\\/\\\/www.mooresweden.se\\\/dags-att-deklarera-smahus\\\/\"]}]},{\"@type\":\"BreadcrumbList\",\"@id\":\"https:\\\/\\\/www.mooresweden.se\\\/dags-att-deklarera-smahus\\\/#breadcrumb\",\"itemListElement\":[{\"@type\":\"ListItem\",\"position\":1,\"name\":\"Home\",\"item\":\"https:\\\/\\\/www.mooresweden.se\\\/\"},{\"@type\":\"ListItem\",\"position\":2,\"name\":\"Dags att deklarera sm\u00e5hus\"}]},{\"@type\":\"WebSite\",\"@id\":\"https:\\\/\\\/www.mooresweden.se\\\/#website\",\"url\":\"https:\\\/\\\/www.mooresweden.se\\\/\",\"name\":\"Moore Ranby\",\"description\":\"\",\"potentialAction\":[{\"@type\":\"SearchAction\",\"target\":{\"@type\":\"EntryPoint\",\"urlTemplate\":\"https:\\\/\\\/www.mooresweden.se\\\/?s={search_term_string}\"},\"query-input\":{\"@type\":\"PropertyValueSpecification\",\"valueRequired\":true,\"valueName\":\"search_term_string\"}}],\"inLanguage\":\"en-GB\"},{\"@type\":\"Person\",\"@id\":\"https:\\\/\\\/www.mooresweden.se\\\/#\\\/schema\\\/person\\\/5b1d4e955219df756cac8f4bc0f0b776\",\"name\":\"maxspoonerblind\",\"image\":{\"@type\":\"ImageObject\",\"inLanguage\":\"en-GB\",\"@id\":\"https:\\\/\\\/secure.gravatar.com\\\/avatar\\\/1e408e61fa2245f0c76b6c466b5d5f5987b00db766ffd0b1395f8ea179be39ee?s=96&d=mm&r=g\",\"url\":\"https:\\\/\\\/secure.gravatar.com\\\/avatar\\\/1e408e61fa2245f0c76b6c466b5d5f5987b00db766ffd0b1395f8ea179be39ee?s=96&d=mm&r=g\",\"contentUrl\":\"https:\\\/\\\/secure.gravatar.com\\\/avatar\\\/1e408e61fa2245f0c76b6c466b5d5f5987b00db766ffd0b1395f8ea179be39ee?s=96&d=mm&r=g\",\"caption\":\"maxspoonerblind\"},\"url\":\"https:\\\/\\\/www.mooresweden.se\\\/en\\\/author\\\/maxspoonerblind\\\/\"}]}<\/script>\n<!-- \/ Yoast SEO plugin. -->","yoast_head_json":{"title":"Dags att deklarera sm\u00e5hus - Moore Ranby","description":"I \u00e5r sker en allm\u00e4n fastighetstaxering f\u00f6r dig som \u00e4ger en sm\u00e5husfastighet. 2 november \u00e4r datumet d\u00e5 uppgifterna ska vara inne hos Skatteverket.","robots":{"index":"index","follow":"follow","max-snippet":"max-snippet:-1","max-image-preview":"max-image-preview:large","max-video-preview":"max-video-preview:-1"},"canonical":"https:\/\/www.mooresweden.se\/en\/dags-att-deklarera-smahus\/","og_locale":"en_GB","og_type":"article","og_title":"Dags att deklarera sm\u00e5hus","og_description":"I \u00e5r sker en allm\u00e4n fastighetstaxering f\u00f6r dig som \u00e4ger en sm\u00e5husfastighet. 2 november \u00e4r datumet d\u00e5 uppgifterna ska vara inne hos Skatteverket.","og_url":"https:\/\/www.mooresweden.se\/en\/dags-att-deklarera-smahus\/","og_site_name":"Moore Ranby","article_published_time":"2020-09-30T00:00:00+00:00","author":"maxspoonerblind","twitter_card":"summary_large_image","twitter_misc":{"Written by":"maxspoonerblind","Est. reading time":"2 minutes"},"schema":{"@context":"https:\/\/schema.org","@graph":[{"@type":"Article","@id":"https:\/\/www.mooresweden.se\/dags-att-deklarera-smahus\/#article","isPartOf":{"@id":"https:\/\/www.mooresweden.se\/dags-att-deklarera-smahus\/"},"author":{"name":"maxspoonerblind","@id":"https:\/\/www.mooresweden.se\/#\/schema\/person\/5b1d4e955219df756cac8f4bc0f0b776"},"headline":"Dags att deklarera sm\u00e5hus","datePublished":"2020-09-30T00:00:00+00:00","mainEntityOfPage":{"@id":"https:\/\/www.mooresweden.se\/dags-att-deklarera-smahus\/"},"wordCount":346,"commentCount":0,"articleSection":["MOORE Sweden"],"inLanguage":"en-GB","potentialAction":[{"@type":"CommentAction","name":"Comment","target":["https:\/\/www.mooresweden.se\/dags-att-deklarera-smahus\/#respond"]}]},{"@type":"WebPage","@id":"https:\/\/www.mooresweden.se\/dags-att-deklarera-smahus\/","url":"https:\/\/www.mooresweden.se\/dags-att-deklarera-smahus\/","name":"Dags att deklarera sm\u00e5hus - Moore Ranby","isPartOf":{"@id":"https:\/\/www.mooresweden.se\/#website"},"datePublished":"2020-09-30T00:00:00+00:00","author":{"@id":"https:\/\/www.mooresweden.se\/#\/schema\/person\/5b1d4e955219df756cac8f4bc0f0b776"},"description":"I \u00e5r sker en allm\u00e4n fastighetstaxering f\u00f6r dig som \u00e4ger en sm\u00e5husfastighet. 2 november \u00e4r datumet d\u00e5 uppgifterna ska vara inne hos Skatteverket.","breadcrumb":{"@id":"https:\/\/www.mooresweden.se\/dags-att-deklarera-smahus\/#breadcrumb"},"inLanguage":"en-GB","potentialAction":[{"@type":"ReadAction","target":["https:\/\/www.mooresweden.se\/dags-att-deklarera-smahus\/"]}]},{"@type":"BreadcrumbList","@id":"https:\/\/www.mooresweden.se\/dags-att-deklarera-smahus\/#breadcrumb","itemListElement":[{"@type":"ListItem","position":1,"name":"Home","item":"https:\/\/www.mooresweden.se\/"},{"@type":"ListItem","position":2,"name":"Dags att deklarera sm\u00e5hus"}]},{"@type":"WebSite","@id":"https:\/\/www.mooresweden.se\/#website","url":"https:\/\/www.mooresweden.se\/","name":"Ranby Moore","description":"","potentialAction":[{"@type":"SearchAction","target":{"@type":"EntryPoint","urlTemplate":"https:\/\/www.mooresweden.se\/?s={search_term_string}"},"query-input":{"@type":"PropertyValueSpecification","valueRequired":true,"valueName":"search_term_string"}}],"inLanguage":"en-GB"},{"@type":"Person","@id":"https:\/\/www.mooresweden.se\/#\/schema\/person\/5b1d4e955219df756cac8f4bc0f0b776","name":"maxspoonerblind","image":{"@type":"ImageObject","inLanguage":"en-GB","@id":"https:\/\/secure.gravatar.com\/avatar\/1e408e61fa2245f0c76b6c466b5d5f5987b00db766ffd0b1395f8ea179be39ee?s=96&d=mm&r=g","url":"https:\/\/secure.gravatar.com\/avatar\/1e408e61fa2245f0c76b6c466b5d5f5987b00db766ffd0b1395f8ea179be39ee?s=96&d=mm&r=g","contentUrl":"https:\/\/secure.gravatar.com\/avatar\/1e408e61fa2245f0c76b6c466b5d5f5987b00db766ffd0b1395f8ea179be39ee?s=96&d=mm&r=g","caption":"maxspoonerblind"},"url":"https:\/\/www.mooresweden.se\/en\/author\/maxspoonerblind\/"}]}},"_links":{"self":[{"href":"https:\/\/www.mooresweden.se\/en\/wp-json\/wp\/v2\/posts\/957","targetHints":{"allow":["GET"]}}],"collection":[{"href":"https:\/\/www.mooresweden.se\/en\/wp-json\/wp\/v2\/posts"}],"about":[{"href":"https:\/\/www.mooresweden.se\/en\/wp-json\/wp\/v2\/types\/post"}],"author":[{"embeddable":true,"href":"https:\/\/www.mooresweden.se\/en\/wp-json\/wp\/v2\/users\/3"}],"replies":[{"embeddable":true,"href":"https:\/\/www.mooresweden.se\/en\/wp-json\/wp\/v2\/comments?post=957"}],"version-history":[{"count":0,"href":"https:\/\/www.mooresweden.se\/en\/wp-json\/wp\/v2\/posts\/957\/revisions"}],"wp:attachment":[{"href":"https:\/\/www.mooresweden.se\/en\/wp-json\/wp\/v2\/media?parent=957"}],"wp:term":[{"taxonomy":"category","embeddable":true,"href":"https:\/\/www.mooresweden.se\/en\/wp-json\/wp\/v2\/categories?post=957"},{"taxonomy":"post_tag","embeddable":true,"href":"https:\/\/www.mooresweden.se\/en\/wp-json\/wp\/v2\/tags?post=957"},{"taxonomy":"location","embeddable":true,"href":"https:\/\/www.mooresweden.se\/en\/wp-json\/wp\/v2\/location?post=957"}],"curies":[{"name":"wp","href":"https:\/\/api.w.org\/{rel}","templated":true}]}}