{"id":958,"date":"2020-09-09T00:00:00","date_gmt":"2020-09-09T00:00:00","guid":{"rendered":"https:\/\/moore-sweeden-ranby.eu3.moore-global.com\/forlangning-av-omstallningsstodet\/"},"modified":"2020-09-09T00:00:00","modified_gmt":"2020-09-09T00:00:00","slug":"extension-of-the-transfer-bracket","status":"publish","type":"post","link":"https:\/\/www.mooresweden.se\/en\/extension-of-the-transfer-bracket\/","title":{"rendered":"Extension of the transition support"},"content":{"rendered":"<p>On 4 September, the government submitted proposals to extend the transition support to the months of May, June and July, as the coronavirus pandemic has continued to have a detrimental effect on businesses.<\/p>\n<p>The purpose of the support is to help companies transform and adapt their operations, as well as to enable them to overcome the ongoing crisis caused by the pandemic. The transformation support entered into force in June 2020.<\/p>\n<p>The proposal to extend the turnover support for three months has arisen as a result of investigations clarifying that the crisis's damaging effects during March and April have also significantly impacted companies in May. Companies with seasonal operations during the summer have been hit very hard, particularly in June and July. Many companies have also been severely affected by the decision to ban public gatherings and public events with more than 50 people.<\/p>\n<p>According to the proposal, May is suggested to form an individual support period, and June and July together are suggested to form another individual support period.<\/p>\n<p>The requirements for being granted support for May 2020 are that the company's turnover has fallen by more than <strong>40 percent<\/strong> compared to May 2019. To be granted support for June and July 2020, more than <strong>50 percent <\/strong>in a turnover loss compared to June and July 2019.<\/p>\n<p>The calculation of the size of the transition support takes place in the same way as before, with 75 percent of the percentage loss in turnover. The 75 percent is calculated on the company's fixed costs for May-July 2020. An eligible company may receive a maximum of <strong>75 million kronor <\/strong>in support of May respectively highest <strong>150 million Swedish kronor <\/strong>for June and July.<\/p>\n<p>It has also been suggested that the application for turnover support should be made to the Swedish Tax Agency by 15 December.<br \/>\nThe government has proposed that the changes come into effect on 15 October, and we at MOORE will be following the proposal's development.\u00a0<\/p>\n<p>If you have any questions regarding the transition support, don't hesitate to contact your MOORE representative or your local MOORE office.<\/p>","protected":false},"excerpt":{"rendered":"<p>Regeringen har den 4 september l\u00e4mnat f\u00f6rslag p\u00e5 att omst\u00e4llningsst\u00f6det ska f\u00f6rl\u00e4ngas till m\u00e5naderna maj, juni och juli, d\u00e5 coronapandemin har haft en fortsatt skadeverkning p\u00e5 f\u00f6retag. \u00c4ndam\u00e5let med st\u00f6det \u00e4r att underl\u00e4tta f\u00f6r f\u00f6retag att st\u00e4lla om och anpassa sin verksamhet samt att g\u00f6ra det m\u00f6jligt f\u00f6r f\u00f6retagen att \u00f6verbygga den p\u00e5g\u00e5ende krisen som [&hellip;]<\/p>\n","protected":false},"author":3,"featured_media":0,"comment_status":"open","ping_status":"open","sticky":false,"template":"","format":"standard","meta":{"_acf_changed":false,"footnotes":""},"categories":[1],"tags":[],"location":[],"class_list":["post-958","post","type-post","status-publish","format-standard","hentry","category-moore-sweden"],"acf":[],"yoast_head":"<!-- This site is optimized with the Yoast SEO plugin v27.3 - https:\/\/yoast.com\/product\/yoast-seo-wordpress\/ -->\n<title>F\u00f6rl\u00e4ngning av omst\u00e4llningsst\u00f6det - Moore Ranby<\/title>\n<meta name=\"description\" content=\"Regeringen har den 4 september l\u00e4mnat f\u00f6rslag p\u00e5 att omst\u00e4llningsst\u00f6det ska f\u00f6rl\u00e4ngas till m\u00e5naderna maj, juni och juli, d\u00e5 coronapandemin har haft en fortsatt skadeverkning p\u00e5 f\u00f6retag.\" \/>\n<meta name=\"robots\" content=\"index, follow, max-snippet:-1, max-image-preview:large, max-video-preview:-1\" \/>\n<link rel=\"canonical\" href=\"https:\/\/www.mooresweden.se\/en\/extension-of-the-transfer-bracket\/\" \/>\n<meta property=\"og:locale\" content=\"en_GB\" \/>\n<meta property=\"og:type\" content=\"article\" \/>\n<meta property=\"og:title\" content=\"F\u00f6rl\u00e4ngning av omst\u00e4llningsst\u00f6det\" \/>\n<meta property=\"og:description\" content=\"Regeringen har den 4 september l\u00e4mnat f\u00f6rslag p\u00e5 att omst\u00e4llningsst\u00f6det ska f\u00f6rl\u00e4ngas till m\u00e5naderna maj, juni och juli, d\u00e5 coronapandemin har haft en fortsatt skadeverkning p\u00e5 f\u00f6retag.\" \/>\n<meta property=\"og:url\" content=\"https:\/\/www.mooresweden.se\/en\/extension-of-the-transfer-bracket\/\" \/>\n<meta property=\"og:site_name\" content=\"Moore Ranby\" \/>\n<meta property=\"article:published_time\" content=\"2020-09-09T00:00:00+00:00\" \/>\n<meta name=\"author\" content=\"maxspoonerblind\" \/>\n<meta name=\"twitter:card\" content=\"summary_large_image\" \/>\n<meta name=\"twitter:label1\" content=\"Written by\" \/>\n\t<meta name=\"twitter:data1\" content=\"maxspoonerblind\" \/>\n\t<meta name=\"twitter:label2\" content=\"Est. reading time\" \/>\n\t<meta name=\"twitter:data2\" content=\"2 minutes\" \/>\n<script type=\"application\/ld+json\" class=\"yoast-schema-graph\">{\"@context\":\"https:\\\/\\\/schema.org\",\"@graph\":[{\"@type\":\"Article\",\"@id\":\"https:\\\/\\\/www.mooresweden.se\\\/forlangning-av-omstallningsstodet\\\/#article\",\"isPartOf\":{\"@id\":\"https:\\\/\\\/www.mooresweden.se\\\/forlangning-av-omstallningsstodet\\\/\"},\"author\":{\"name\":\"maxspoonerblind\",\"@id\":\"https:\\\/\\\/www.mooresweden.se\\\/#\\\/schema\\\/person\\\/5b1d4e955219df756cac8f4bc0f0b776\"},\"headline\":\"F\u00f6rl\u00e4ngning av omst\u00e4llningsst\u00f6det\",\"datePublished\":\"2020-09-09T00:00:00+00:00\",\"mainEntityOfPage\":{\"@id\":\"https:\\\/\\\/www.mooresweden.se\\\/forlangning-av-omstallningsstodet\\\/\"},\"wordCount\":412,\"commentCount\":0,\"articleSection\":[\"MOORE Sweden\"],\"inLanguage\":\"en-GB\",\"potentialAction\":[{\"@type\":\"CommentAction\",\"name\":\"Comment\",\"target\":[\"https:\\\/\\\/www.mooresweden.se\\\/forlangning-av-omstallningsstodet\\\/#respond\"]}]},{\"@type\":\"WebPage\",\"@id\":\"https:\\\/\\\/www.mooresweden.se\\\/forlangning-av-omstallningsstodet\\\/\",\"url\":\"https:\\\/\\\/www.mooresweden.se\\\/forlangning-av-omstallningsstodet\\\/\",\"name\":\"F\u00f6rl\u00e4ngning av omst\u00e4llningsst\u00f6det - Moore Ranby\",\"isPartOf\":{\"@id\":\"https:\\\/\\\/www.mooresweden.se\\\/#website\"},\"datePublished\":\"2020-09-09T00:00:00+00:00\",\"author\":{\"@id\":\"https:\\\/\\\/www.mooresweden.se\\\/#\\\/schema\\\/person\\\/5b1d4e955219df756cac8f4bc0f0b776\"},\"description\":\"Regeringen har den 4 september l\u00e4mnat f\u00f6rslag p\u00e5 att omst\u00e4llningsst\u00f6det ska f\u00f6rl\u00e4ngas till m\u00e5naderna maj, juni och juli, d\u00e5 coronapandemin har haft en fortsatt skadeverkning p\u00e5 f\u00f6retag.\",\"breadcrumb\":{\"@id\":\"https:\\\/\\\/www.mooresweden.se\\\/forlangning-av-omstallningsstodet\\\/#breadcrumb\"},\"inLanguage\":\"en-GB\",\"potentialAction\":[{\"@type\":\"ReadAction\",\"target\":[\"https:\\\/\\\/www.mooresweden.se\\\/forlangning-av-omstallningsstodet\\\/\"]}]},{\"@type\":\"BreadcrumbList\",\"@id\":\"https:\\\/\\\/www.mooresweden.se\\\/forlangning-av-omstallningsstodet\\\/#breadcrumb\",\"itemListElement\":[{\"@type\":\"ListItem\",\"position\":1,\"name\":\"Home\",\"item\":\"https:\\\/\\\/www.mooresweden.se\\\/\"},{\"@type\":\"ListItem\",\"position\":2,\"name\":\"F\u00f6rl\u00e4ngning av omst\u00e4llningsst\u00f6det\"}]},{\"@type\":\"WebSite\",\"@id\":\"https:\\\/\\\/www.mooresweden.se\\\/#website\",\"url\":\"https:\\\/\\\/www.mooresweden.se\\\/\",\"name\":\"Moore Ranby\",\"description\":\"\",\"potentialAction\":[{\"@type\":\"SearchAction\",\"target\":{\"@type\":\"EntryPoint\",\"urlTemplate\":\"https:\\\/\\\/www.mooresweden.se\\\/?s={search_term_string}\"},\"query-input\":{\"@type\":\"PropertyValueSpecification\",\"valueRequired\":true,\"valueName\":\"search_term_string\"}}],\"inLanguage\":\"en-GB\"},{\"@type\":\"Person\",\"@id\":\"https:\\\/\\\/www.mooresweden.se\\\/#\\\/schema\\\/person\\\/5b1d4e955219df756cac8f4bc0f0b776\",\"name\":\"maxspoonerblind\",\"image\":{\"@type\":\"ImageObject\",\"inLanguage\":\"en-GB\",\"@id\":\"https:\\\/\\\/secure.gravatar.com\\\/avatar\\\/1e408e61fa2245f0c76b6c466b5d5f5987b00db766ffd0b1395f8ea179be39ee?s=96&d=mm&r=g\",\"url\":\"https:\\\/\\\/secure.gravatar.com\\\/avatar\\\/1e408e61fa2245f0c76b6c466b5d5f5987b00db766ffd0b1395f8ea179be39ee?s=96&d=mm&r=g\",\"contentUrl\":\"https:\\\/\\\/secure.gravatar.com\\\/avatar\\\/1e408e61fa2245f0c76b6c466b5d5f5987b00db766ffd0b1395f8ea179be39ee?s=96&d=mm&r=g\",\"caption\":\"maxspoonerblind\"},\"url\":\"https:\\\/\\\/www.mooresweden.se\\\/en\\\/author\\\/maxspoonerblind\\\/\"}]}<\/script>\n<!-- \/ Yoast SEO plugin. -->","yoast_head_json":{"title":"Extension of the transition support - Moore Ranby","description":"On 4 September, the government submitted proposals to extend the transition support to the months of May, June and July, as the coronavirus pandemic has continued to have a detrimental effect on businesses.","robots":{"index":"index","follow":"follow","max-snippet":"max-snippet:-1","max-image-preview":"max-image-preview:large","max-video-preview":"max-video-preview:-1"},"canonical":"https:\/\/www.mooresweden.se\/en\/extension-of-the-transfer-bracket\/","og_locale":"en_GB","og_type":"article","og_title":"F\u00f6rl\u00e4ngning av omst\u00e4llningsst\u00f6det","og_description":"Regeringen har den 4 september l\u00e4mnat f\u00f6rslag p\u00e5 att omst\u00e4llningsst\u00f6det ska f\u00f6rl\u00e4ngas till m\u00e5naderna maj, juni och juli, d\u00e5 coronapandemin har haft en fortsatt skadeverkning p\u00e5 f\u00f6retag.","og_url":"https:\/\/www.mooresweden.se\/en\/extension-of-the-transfer-bracket\/","og_site_name":"Moore Ranby","article_published_time":"2020-09-09T00:00:00+00:00","author":"maxspoonerblind","twitter_card":"summary_large_image","twitter_misc":{"Written by":"maxspoonerblind","Est. reading time":"2 minutes"},"schema":{"@context":"https:\/\/schema.org","@graph":[{"@type":"Article","@id":"https:\/\/www.mooresweden.se\/forlangning-av-omstallningsstodet\/#article","isPartOf":{"@id":"https:\/\/www.mooresweden.se\/forlangning-av-omstallningsstodet\/"},"author":{"name":"maxspoonerblind","@id":"https:\/\/www.mooresweden.se\/#\/schema\/person\/5b1d4e955219df756cac8f4bc0f0b776"},"headline":"F\u00f6rl\u00e4ngning av omst\u00e4llningsst\u00f6det","datePublished":"2020-09-09T00:00:00+00:00","mainEntityOfPage":{"@id":"https:\/\/www.mooresweden.se\/forlangning-av-omstallningsstodet\/"},"wordCount":412,"commentCount":0,"articleSection":["MOORE Sweden"],"inLanguage":"en-GB","potentialAction":[{"@type":"CommentAction","name":"Comment","target":["https:\/\/www.mooresweden.se\/forlangning-av-omstallningsstodet\/#respond"]}]},{"@type":"WebPage","@id":"https:\/\/www.mooresweden.se\/forlangning-av-omstallningsstodet\/","url":"https:\/\/www.mooresweden.se\/forlangning-av-omstallningsstodet\/","name":"Extension of the transition support - Moore Ranby","isPartOf":{"@id":"https:\/\/www.mooresweden.se\/#website"},"datePublished":"2020-09-09T00:00:00+00:00","author":{"@id":"https:\/\/www.mooresweden.se\/#\/schema\/person\/5b1d4e955219df756cac8f4bc0f0b776"},"description":"On 4 September, the government submitted proposals to extend the transition support to the months of May, June and July, as the coronavirus pandemic has continued to have a detrimental effect on businesses.","breadcrumb":{"@id":"https:\/\/www.mooresweden.se\/forlangning-av-omstallningsstodet\/#breadcrumb"},"inLanguage":"en-GB","potentialAction":[{"@type":"ReadAction","target":["https:\/\/www.mooresweden.se\/forlangning-av-omstallningsstodet\/"]}]},{"@type":"BreadcrumbList","@id":"https:\/\/www.mooresweden.se\/forlangning-av-omstallningsstodet\/#breadcrumb","itemListElement":[{"@type":"ListItem","position":1,"name":"Home","item":"https:\/\/www.mooresweden.se\/"},{"@type":"ListItem","position":2,"name":"F\u00f6rl\u00e4ngning av omst\u00e4llningsst\u00f6det"}]},{"@type":"WebSite","@id":"https:\/\/www.mooresweden.se\/#website","url":"https:\/\/www.mooresweden.se\/","name":"Ranby Moore","description":"","potentialAction":[{"@type":"SearchAction","target":{"@type":"EntryPoint","urlTemplate":"https:\/\/www.mooresweden.se\/?s={search_term_string}"},"query-input":{"@type":"PropertyValueSpecification","valueRequired":true,"valueName":"search_term_string"}}],"inLanguage":"en-GB"},{"@type":"Person","@id":"https:\/\/www.mooresweden.se\/#\/schema\/person\/5b1d4e955219df756cac8f4bc0f0b776","name":"maxspoonerblind","image":{"@type":"ImageObject","inLanguage":"en-GB","@id":"https:\/\/secure.gravatar.com\/avatar\/1e408e61fa2245f0c76b6c466b5d5f5987b00db766ffd0b1395f8ea179be39ee?s=96&d=mm&r=g","url":"https:\/\/secure.gravatar.com\/avatar\/1e408e61fa2245f0c76b6c466b5d5f5987b00db766ffd0b1395f8ea179be39ee?s=96&d=mm&r=g","contentUrl":"https:\/\/secure.gravatar.com\/avatar\/1e408e61fa2245f0c76b6c466b5d5f5987b00db766ffd0b1395f8ea179be39ee?s=96&d=mm&r=g","caption":"maxspoonerblind"},"url":"https:\/\/www.mooresweden.se\/en\/author\/maxspoonerblind\/"}]}},"_links":{"self":[{"href":"https:\/\/www.mooresweden.se\/en\/wp-json\/wp\/v2\/posts\/958","targetHints":{"allow":["GET"]}}],"collection":[{"href":"https:\/\/www.mooresweden.se\/en\/wp-json\/wp\/v2\/posts"}],"about":[{"href":"https:\/\/www.mooresweden.se\/en\/wp-json\/wp\/v2\/types\/post"}],"author":[{"embeddable":true,"href":"https:\/\/www.mooresweden.se\/en\/wp-json\/wp\/v2\/users\/3"}],"replies":[{"embeddable":true,"href":"https:\/\/www.mooresweden.se\/en\/wp-json\/wp\/v2\/comments?post=958"}],"version-history":[{"count":0,"href":"https:\/\/www.mooresweden.se\/en\/wp-json\/wp\/v2\/posts\/958\/revisions"}],"wp:attachment":[{"href":"https:\/\/www.mooresweden.se\/en\/wp-json\/wp\/v2\/media?parent=958"}],"wp:term":[{"taxonomy":"category","embeddable":true,"href":"https:\/\/www.mooresweden.se\/en\/wp-json\/wp\/v2\/categories?post=958"},{"taxonomy":"post_tag","embeddable":true,"href":"https:\/\/www.mooresweden.se\/en\/wp-json\/wp\/v2\/tags?post=958"},{"taxonomy":"location","embeddable":true,"href":"https:\/\/www.mooresweden.se\/en\/wp-json\/wp\/v2\/location?post=958"}],"curies":[{"name":"wp","href":"https:\/\/api.w.org\/{rel}","templated":true}]}}