{"id":959,"date":"2020-09-02T00:00:00","date_gmt":"2020-09-02T00:00:00","guid":{"rendered":"https:\/\/moore-sweeden-ranby.eu3.moore-global.com\/tull-och-moms-paverkas-av-brexit-vid-arsskiftet\/"},"modified":"2020-09-02T00:00:00","modified_gmt":"2020-09-02T00:00:00","slug":"vat-and-customs-duties-are-affected-by-brexit-at-the-turn-of-the-year","status":"publish","type":"post","link":"https:\/\/www.mooresweden.se\/en\/vat-and-customs-duties-are-affected-by-brexit-at-the-turn-of-the-year\/","title":{"rendered":"Customs duties and VAT will be affected by Brexit at the turn of the year"},"content":{"rendered":"<p>The transition period that has been in effect since the UK left the EU is soon to end. No free trade agreement is yet in place. Customs duties and VAT are two areas that will be affected.<\/p>\n<p>On 31 January 2020, the UK left the EU. With just over four months left of the transition period, there is still no free trade agreement in place. Many companies risk facing problems if no agreement is signed, and authorities recommend that business owners follow developments to prepare themselves and their company in the best possible way.<\/p>\n<p>The United Kingdom is one of Sweden's most important trading partners, both for exports and imports, and these areas will be affected from the turn of the year.<\/p>\n<p>\u201dAt present, we do not know what the future relationship between the EU and the UK will look like, but requirements for customs formalities, such as submitting customs declarations for import and export, will be introduced,\u201d writes the Swedish Customs Board on its website.<\/p>\n<p>From 1 January 2021, EU companies wishing to import to or export from the UK must have an Economic Operators Registration and Identification number, also known as an EORI number. This is required for customs formalities. An EORI number can be obtained now and is done via the Swedish Customs website.<\/p>\n<p>But not only customs clearance is affected, but also matters such as VAT. The Swedish Tax Agency writes in its legal guidance that after the end of the transition period, the same rules regarding VAT will apply to the United Kingdom as to other non-EU countries. In practice, this means that the sale of goods transported from Sweden to the United Kingdom counts as export, and the purchase of goods transported from the United Kingdom to Sweden is regarded as import. For the sale and purchase of services, the United Kingdom should be regarded as a non-EU country.<\/p>\n<p><em>This article is published in cooperation with the magazine Resultat<\/em><\/p>\n<p><strong><em>Read more<\/em><\/strong> <a href=\"https:\/\/www.tullverket.se\/sv\/foretag\/framtidatullhanteringochbrexit\/brexitvadinnebardetforsvenskhandel\/brexitforforetagsomintetidigarehandlatmedlanderutanforeu.4.4481397d16411b86465111d.html\" rel=\"noopener noreferrer\" target=\"_blank\">The Swedish Customs Agency on Brexit<\/a><\/p>\n<p><strong><em>Read more<\/em><\/strong> <a href=\"https:\/\/www4.skatteverket.se\/rattsligvagledning\/edition\/2020.9\/382089.html#h-Efter-overgangsperiodens-slut-ses-Storbritannien-som-ett-land-utanfor-EU\" rel=\"noopener noreferrer\" target=\"_blank\">The Swedish Tax Agency on Brexit<\/a><\/p>","protected":false},"excerpt":{"rendered":"<p>\u00d6verg\u00e5ngsperioden som p\u00e5g\u00e5tt sedan Storbritannien l\u00e4mnade EU \u00e4r snart slut. N\u00e5got frihandelsavtal finns \u00e4nnu inte p\u00e5 plats. Tull och moms \u00e4r tv\u00e5 omr\u00e5den som ber\u00f6rs. 31 januari 2020 l\u00e4mnade Storbritannien EU. Med lite drygt fyra m\u00e5nader kvar av \u00f6verg\u00e5ngsperioden finns \u00e4nnu inget frihandelsavtal p\u00e5 plats. M\u00e5nga f\u00f6retag riskerar att f\u00e5 problem om inget avtal undertecknas [&hellip;]<\/p>\n","protected":false},"author":3,"featured_media":0,"comment_status":"open","ping_status":"open","sticky":false,"template":"","format":"standard","meta":{"_acf_changed":false,"footnotes":""},"categories":[1],"tags":[],"location":[],"class_list":["post-959","post","type-post","status-publish","format-standard","hentry","category-moore-sweden"],"acf":[],"yoast_head":"<!-- This site is optimized with the Yoast SEO plugin v27.5 - https:\/\/yoast.com\/product\/yoast-seo-wordpress\/ -->\n<title>Tull och moms p\u00e5verkas av brexit vid \u00e5rsskiftet - Moore Ranby<\/title>\n<meta name=\"description\" content=\"\u00d6verg\u00e5ngsperioden som p\u00e5g\u00e5tt sedan Storbritannien l\u00e4mnade EU \u00e4r snart slut. N\u00e5got frihandelsavtal finns \u00e4nnu inte p\u00e5 plats. Tull och moms \u00e4r tv\u00e5 omr\u00e5den som ber\u00f6rs.\" \/>\n<meta name=\"robots\" content=\"index, follow, max-snippet:-1, max-image-preview:large, max-video-preview:-1\" \/>\n<link rel=\"canonical\" href=\"https:\/\/www.mooresweden.se\/en\/vat-and-customs-duties-are-affected-by-brexit-at-the-turn-of-the-year\/\" \/>\n<meta property=\"og:locale\" content=\"en_GB\" \/>\n<meta property=\"og:type\" content=\"article\" \/>\n<meta property=\"og:title\" content=\"Tull och moms p\u00e5verkas av brexit vid \u00e5rsskiftet\" \/>\n<meta property=\"og:description\" content=\"\u00d6verg\u00e5ngsperioden som p\u00e5g\u00e5tt sedan Storbritannien l\u00e4mnade EU \u00e4r snart slut. N\u00e5got frihandelsavtal finns \u00e4nnu inte p\u00e5 plats. Tull och moms \u00e4r tv\u00e5 omr\u00e5den som ber\u00f6rs.\" \/>\n<meta property=\"og:url\" content=\"https:\/\/www.mooresweden.se\/en\/vat-and-customs-duties-are-affected-by-brexit-at-the-turn-of-the-year\/\" \/>\n<meta property=\"og:site_name\" content=\"Moore Ranby\" \/>\n<meta property=\"article:published_time\" content=\"2020-09-02T00:00:00+00:00\" \/>\n<meta name=\"author\" content=\"maxspoonerblind\" \/>\n<meta name=\"twitter:card\" content=\"summary_large_image\" \/>\n<meta name=\"twitter:label1\" content=\"Written by\" \/>\n\t<meta name=\"twitter:data1\" content=\"maxspoonerblind\" \/>\n\t<meta name=\"twitter:label2\" content=\"Est. reading time\" \/>\n\t<meta name=\"twitter:data2\" content=\"2 minutes\" \/>\n<script type=\"application\/ld+json\" class=\"yoast-schema-graph\">{\"@context\":\"https:\\\/\\\/schema.org\",\"@graph\":[{\"@type\":\"Article\",\"@id\":\"https:\\\/\\\/www.mooresweden.se\\\/tull-och-moms-paverkas-av-brexit-vid-arsskiftet\\\/#article\",\"isPartOf\":{\"@id\":\"https:\\\/\\\/www.mooresweden.se\\\/tull-och-moms-paverkas-av-brexit-vid-arsskiftet\\\/\"},\"author\":{\"name\":\"maxspoonerblind\",\"@id\":\"https:\\\/\\\/www.mooresweden.se\\\/#\\\/schema\\\/person\\\/5b1d4e955219df756cac8f4bc0f0b776\"},\"headline\":\"Tull och moms p\u00e5verkas av brexit vid \u00e5rsskiftet\",\"datePublished\":\"2020-09-02T00:00:00+00:00\",\"mainEntityOfPage\":{\"@id\":\"https:\\\/\\\/www.mooresweden.se\\\/tull-och-moms-paverkas-av-brexit-vid-arsskiftet\\\/\"},\"wordCount\":342,\"commentCount\":0,\"articleSection\":[\"MOORE Sweden\"],\"inLanguage\":\"en-GB\",\"potentialAction\":[{\"@type\":\"CommentAction\",\"name\":\"Comment\",\"target\":[\"https:\\\/\\\/www.mooresweden.se\\\/tull-och-moms-paverkas-av-brexit-vid-arsskiftet\\\/#respond\"]}]},{\"@type\":\"WebPage\",\"@id\":\"https:\\\/\\\/www.mooresweden.se\\\/tull-och-moms-paverkas-av-brexit-vid-arsskiftet\\\/\",\"url\":\"https:\\\/\\\/www.mooresweden.se\\\/tull-och-moms-paverkas-av-brexit-vid-arsskiftet\\\/\",\"name\":\"Tull och moms p\u00e5verkas av brexit vid \u00e5rsskiftet - Moore Ranby\",\"isPartOf\":{\"@id\":\"https:\\\/\\\/www.mooresweden.se\\\/#website\"},\"datePublished\":\"2020-09-02T00:00:00+00:00\",\"author\":{\"@id\":\"https:\\\/\\\/www.mooresweden.se\\\/#\\\/schema\\\/person\\\/5b1d4e955219df756cac8f4bc0f0b776\"},\"description\":\"\u00d6verg\u00e5ngsperioden som p\u00e5g\u00e5tt sedan Storbritannien l\u00e4mnade EU \u00e4r snart slut. N\u00e5got frihandelsavtal finns \u00e4nnu inte p\u00e5 plats. Tull och moms \u00e4r tv\u00e5 omr\u00e5den som ber\u00f6rs.\",\"breadcrumb\":{\"@id\":\"https:\\\/\\\/www.mooresweden.se\\\/tull-och-moms-paverkas-av-brexit-vid-arsskiftet\\\/#breadcrumb\"},\"inLanguage\":\"en-GB\",\"potentialAction\":[{\"@type\":\"ReadAction\",\"target\":[\"https:\\\/\\\/www.mooresweden.se\\\/tull-och-moms-paverkas-av-brexit-vid-arsskiftet\\\/\"]}]},{\"@type\":\"BreadcrumbList\",\"@id\":\"https:\\\/\\\/www.mooresweden.se\\\/tull-och-moms-paverkas-av-brexit-vid-arsskiftet\\\/#breadcrumb\",\"itemListElement\":[{\"@type\":\"ListItem\",\"position\":1,\"name\":\"Home\",\"item\":\"https:\\\/\\\/www.mooresweden.se\\\/\"},{\"@type\":\"ListItem\",\"position\":2,\"name\":\"Tull och moms p\u00e5verkas av brexit vid \u00e5rsskiftet\"}]},{\"@type\":\"WebSite\",\"@id\":\"https:\\\/\\\/www.mooresweden.se\\\/#website\",\"url\":\"https:\\\/\\\/www.mooresweden.se\\\/\",\"name\":\"Moore Ranby\",\"description\":\"\",\"potentialAction\":[{\"@type\":\"SearchAction\",\"target\":{\"@type\":\"EntryPoint\",\"urlTemplate\":\"https:\\\/\\\/www.mooresweden.se\\\/?s={search_term_string}\"},\"query-input\":{\"@type\":\"PropertyValueSpecification\",\"valueRequired\":true,\"valueName\":\"search_term_string\"}}],\"inLanguage\":\"en-GB\"},{\"@type\":\"Person\",\"@id\":\"https:\\\/\\\/www.mooresweden.se\\\/#\\\/schema\\\/person\\\/5b1d4e955219df756cac8f4bc0f0b776\",\"name\":\"maxspoonerblind\",\"image\":{\"@type\":\"ImageObject\",\"inLanguage\":\"en-GB\",\"@id\":\"https:\\\/\\\/secure.gravatar.com\\\/avatar\\\/1e408e61fa2245f0c76b6c466b5d5f5987b00db766ffd0b1395f8ea179be39ee?s=96&d=mm&r=g\",\"url\":\"https:\\\/\\\/secure.gravatar.com\\\/avatar\\\/1e408e61fa2245f0c76b6c466b5d5f5987b00db766ffd0b1395f8ea179be39ee?s=96&d=mm&r=g\",\"contentUrl\":\"https:\\\/\\\/secure.gravatar.com\\\/avatar\\\/1e408e61fa2245f0c76b6c466b5d5f5987b00db766ffd0b1395f8ea179be39ee?s=96&d=mm&r=g\",\"caption\":\"maxspoonerblind\"},\"url\":\"https:\\\/\\\/www.mooresweden.se\\\/en\\\/author\\\/maxspoonerblind\\\/\"}]}<\/script>\n<!-- \/ Yoast SEO plugin. -->","yoast_head_json":{"title":"Customs duties and VAT affected by Brexit at the turn of the year - Moore Ranby","description":"The transition period that has been in effect since the UK left the EU is soon to end. No free trade agreement is yet in place. Customs duties and VAT are two areas that will be affected.","robots":{"index":"index","follow":"follow","max-snippet":"max-snippet:-1","max-image-preview":"max-image-preview:large","max-video-preview":"max-video-preview:-1"},"canonical":"https:\/\/www.mooresweden.se\/en\/vat-and-customs-duties-are-affected-by-brexit-at-the-turn-of-the-year\/","og_locale":"en_GB","og_type":"article","og_title":"Tull och moms p\u00e5verkas av brexit vid \u00e5rsskiftet","og_description":"\u00d6verg\u00e5ngsperioden som p\u00e5g\u00e5tt sedan Storbritannien l\u00e4mnade EU \u00e4r snart slut. N\u00e5got frihandelsavtal finns \u00e4nnu inte p\u00e5 plats. Tull och moms \u00e4r tv\u00e5 omr\u00e5den som ber\u00f6rs.","og_url":"https:\/\/www.mooresweden.se\/en\/vat-and-customs-duties-are-affected-by-brexit-at-the-turn-of-the-year\/","og_site_name":"Moore Ranby","article_published_time":"2020-09-02T00:00:00+00:00","author":"maxspoonerblind","twitter_card":"summary_large_image","twitter_misc":{"Written by":"maxspoonerblind","Est. reading time":"2 minutes"},"schema":{"@context":"https:\/\/schema.org","@graph":[{"@type":"Article","@id":"https:\/\/www.mooresweden.se\/tull-och-moms-paverkas-av-brexit-vid-arsskiftet\/#article","isPartOf":{"@id":"https:\/\/www.mooresweden.se\/tull-och-moms-paverkas-av-brexit-vid-arsskiftet\/"},"author":{"name":"maxspoonerblind","@id":"https:\/\/www.mooresweden.se\/#\/schema\/person\/5b1d4e955219df756cac8f4bc0f0b776"},"headline":"Tull och moms p\u00e5verkas av brexit vid \u00e5rsskiftet","datePublished":"2020-09-02T00:00:00+00:00","mainEntityOfPage":{"@id":"https:\/\/www.mooresweden.se\/tull-och-moms-paverkas-av-brexit-vid-arsskiftet\/"},"wordCount":342,"commentCount":0,"articleSection":["MOORE Sweden"],"inLanguage":"en-GB","potentialAction":[{"@type":"CommentAction","name":"Comment","target":["https:\/\/www.mooresweden.se\/tull-och-moms-paverkas-av-brexit-vid-arsskiftet\/#respond"]}]},{"@type":"WebPage","@id":"https:\/\/www.mooresweden.se\/tull-och-moms-paverkas-av-brexit-vid-arsskiftet\/","url":"https:\/\/www.mooresweden.se\/tull-och-moms-paverkas-av-brexit-vid-arsskiftet\/","name":"Customs duties and VAT affected by Brexit at the turn of the year - Moore Ranby","isPartOf":{"@id":"https:\/\/www.mooresweden.se\/#website"},"datePublished":"2020-09-02T00:00:00+00:00","author":{"@id":"https:\/\/www.mooresweden.se\/#\/schema\/person\/5b1d4e955219df756cac8f4bc0f0b776"},"description":"The transition period that has been in effect since the UK left the EU is soon to end. No free trade agreement is yet in place. Customs duties and VAT are two areas that will be affected.","breadcrumb":{"@id":"https:\/\/www.mooresweden.se\/tull-och-moms-paverkas-av-brexit-vid-arsskiftet\/#breadcrumb"},"inLanguage":"en-GB","potentialAction":[{"@type":"ReadAction","target":["https:\/\/www.mooresweden.se\/tull-och-moms-paverkas-av-brexit-vid-arsskiftet\/"]}]},{"@type":"BreadcrumbList","@id":"https:\/\/www.mooresweden.se\/tull-och-moms-paverkas-av-brexit-vid-arsskiftet\/#breadcrumb","itemListElement":[{"@type":"ListItem","position":1,"name":"Home","item":"https:\/\/www.mooresweden.se\/"},{"@type":"ListItem","position":2,"name":"Tull och moms p\u00e5verkas av brexit vid \u00e5rsskiftet"}]},{"@type":"WebSite","@id":"https:\/\/www.mooresweden.se\/#website","url":"https:\/\/www.mooresweden.se\/","name":"Ranby Moore","description":"","potentialAction":[{"@type":"SearchAction","target":{"@type":"EntryPoint","urlTemplate":"https:\/\/www.mooresweden.se\/?s={search_term_string}"},"query-input":{"@type":"PropertyValueSpecification","valueRequired":true,"valueName":"search_term_string"}}],"inLanguage":"en-GB"},{"@type":"Person","@id":"https:\/\/www.mooresweden.se\/#\/schema\/person\/5b1d4e955219df756cac8f4bc0f0b776","name":"maxspoonerblind","image":{"@type":"ImageObject","inLanguage":"en-GB","@id":"https:\/\/secure.gravatar.com\/avatar\/1e408e61fa2245f0c76b6c466b5d5f5987b00db766ffd0b1395f8ea179be39ee?s=96&d=mm&r=g","url":"https:\/\/secure.gravatar.com\/avatar\/1e408e61fa2245f0c76b6c466b5d5f5987b00db766ffd0b1395f8ea179be39ee?s=96&d=mm&r=g","contentUrl":"https:\/\/secure.gravatar.com\/avatar\/1e408e61fa2245f0c76b6c466b5d5f5987b00db766ffd0b1395f8ea179be39ee?s=96&d=mm&r=g","caption":"maxspoonerblind"},"url":"https:\/\/www.mooresweden.se\/en\/author\/maxspoonerblind\/"}]}},"_links":{"self":[{"href":"https:\/\/www.mooresweden.se\/en\/wp-json\/wp\/v2\/posts\/959","targetHints":{"allow":["GET"]}}],"collection":[{"href":"https:\/\/www.mooresweden.se\/en\/wp-json\/wp\/v2\/posts"}],"about":[{"href":"https:\/\/www.mooresweden.se\/en\/wp-json\/wp\/v2\/types\/post"}],"author":[{"embeddable":true,"href":"https:\/\/www.mooresweden.se\/en\/wp-json\/wp\/v2\/users\/3"}],"replies":[{"embeddable":true,"href":"https:\/\/www.mooresweden.se\/en\/wp-json\/wp\/v2\/comments?post=959"}],"version-history":[{"count":0,"href":"https:\/\/www.mooresweden.se\/en\/wp-json\/wp\/v2\/posts\/959\/revisions"}],"wp:attachment":[{"href":"https:\/\/www.mooresweden.se\/en\/wp-json\/wp\/v2\/media?parent=959"}],"wp:term":[{"taxonomy":"category","embeddable":true,"href":"https:\/\/www.mooresweden.se\/en\/wp-json\/wp\/v2\/categories?post=959"},{"taxonomy":"post_tag","embeddable":true,"href":"https:\/\/www.mooresweden.se\/en\/wp-json\/wp\/v2\/tags?post=959"},{"taxonomy":"location","embeddable":true,"href":"https:\/\/www.mooresweden.se\/en\/wp-json\/wp\/v2\/location?post=959"}],"curies":[{"name":"wp","href":"https:\/\/api.w.org\/{rel}","templated":true}]}}